{"id":3336,"date":"2021-03-22T16:59:41","date_gmt":"2021-03-22T15:59:41","guid":{"rendered":"https:\/\/agora.xtec.cat\/ceipparealgue\/?p=3336"},"modified":"2024-01-15T18:23:33","modified_gmt":"2024-01-15T17:23:33","slug":"p3-diem-adeu-a-lhivern","status":"publish","type":"post","link":"https:\/\/agora.xtec.cat\/ceipparealgue\/portada\/p3-diem-adeu-a-lhivern\/","title":{"rendered":"P3-Diem adeu a l&#8217;hivern!"},"content":{"rendered":"<p>L&#8217;hivern ja s&#8217;ha acabat, i ens ha donat per treballar moltes coses! Per aix\u00f2 li hem fet una festa de comiat!. Hem jugat amb el confeti,\u00a0 les esferes de porexpan i el paper de v\u00e0ter, tot simulant que era la neu. Ens hem tirat la &#8220;neu&#8221; a sobre, ens hem tirat damunt la neu&#8230;en definitiva, ens ho hem passat molt b\u00e9!. Ara ja estem preparats per rebre la primavera.:) Si cliqueu a la imatge podreu veure m\u00e9s fotos i v\u00eddeos.<\/p>\n<p><a href=\"https:\/\/photos.app.goo.gl\/ovoSQFSdGxSVEEFc7\"><img loading=\"lazy\" decoding=\"async\" class=\"wp-image-3338 aligncenter\" src=\"https:\/\/agora.xtec.cat\/ceipparealgue\/wp-content\/uploads\/usu157\/2021\/03\/Les-cosetes-de-les-paraules-dolces-1024x819.jpg\" alt=\"\" width=\"537\" height=\"430\" srcset=\"https:\/\/agora.xtec.cat\/ceipparealgue\/wp-content\/uploads\/usu157\/2021\/03\/Les-cosetes-de-les-paraules-dolces-1024x819.jpg 1024w, https:\/\/agora.xtec.cat\/ceipparealgue\/wp-content\/uploads\/usu157\/2021\/03\/Les-cosetes-de-les-paraules-dolces-300x240.jpg 300w, https:\/\/agora.xtec.cat\/ceipparealgue\/wp-content\/uploads\/usu157\/2021\/03\/Les-cosetes-de-les-paraules-dolces-768x614.jpg 768w, https:\/\/agora.xtec.cat\/ceipparealgue\/wp-content\/uploads\/usu157\/2021\/03\/Les-cosetes-de-les-paraules-dolces.jpg 2000w\" sizes=\"auto, (max-width: 537px) 100vw, 537px\" \/><\/a><\/p>\n","protected":false},"excerpt":{"rendered":"<p>L&#8217;hivern ja s&#8217;ha acabat, i ens ha donat per treballar moltes coses! Per aix\u00f2 li hem fet una festa de comiat!. Hem jugat amb el confeti,\u00a0 les esferes de porexpan i el paper de v\u00e0ter, tot simulant que era la neu. Ens hem tirat la&hellip;  <a href=\"https:\/\/agora.xtec.cat\/ceipparealgue\/portada\/p3-diem-adeu-a-lhivern\/\" title=\"Read P3-Diem adeu a l&#8217;hivern!\">Llegeix m\u00e9s\u00bb<\/a><\/p>\n","protected":false},"author":1,"featured_media":0,"comment_status":"open","ping_status":"closed","sticky":false,"template":"","format":"standard","meta":{"_bbp_topic_count":0,"_bbp_reply_count":0,"_bbp_total_topic_count":0,"_bbp_total_reply_count":0,"_bbp_voice_count":0,"_bbp_anonymous_reply_count":0,"_bbp_topic_count_hidden":0,"_bbp_reply_count_hidden":0,"_bbp_forum_subforum_count":0,"footnotes":""},"categories":[4,66],"tags":[],"class_list":["post-3336","post","type-post","status-publish","format-standard","hentry","category-portada","category-66"],"post_mailing_queue_ids":[],"_links":{"self":[{"href":"https:\/\/agora.xtec.cat\/ceipparealgue\/wp-json\/wp\/v2\/posts\/3336","targetHints":{"allow":["GET"]}}],"collection":[{"href":"https:\/\/agora.xtec.cat\/ceipparealgue\/wp-json\/wp\/v2\/posts"}],"about":[{"href":"https:\/\/agora.xtec.cat\/ceipparealgue\/wp-json\/wp\/v2\/types\/post"}],"author":[{"embeddable":true,"href":"https:\/\/agora.xtec.cat\/ceipparealgue\/wp-json\/wp\/v2\/users\/1"}],"replies":[{"embeddable":true,"href":"https:\/\/agora.xtec.cat\/ceipparealgue\/wp-json\/wp\/v2\/comments?post=3336"}],"version-history":[{"count":2,"href":"https:\/\/agora.xtec.cat\/ceipparealgue\/wp-json\/wp\/v2\/posts\/3336\/revisions"}],"predecessor-version":[{"id":3339,"href":"https:\/\/agora.xtec.cat\/ceipparealgue\/wp-json\/wp\/v2\/posts\/3336\/revisions\/3339"}],"wp:attachment":[{"href":"https:\/\/agora.xtec.cat\/ceipparealgue\/wp-json\/wp\/v2\/media?parent=3336"}],"wp:term":[{"taxonomy":"category","embeddable":true,"href":"https:\/\/agora.xtec.cat\/ceipparealgue\/wp-json\/wp\/v2\/categories?post=3336"},{"taxonomy":"post_tag","embeddable":true,"href":"https:\/\/agora.xtec.cat\/ceipparealgue\/wp-json\/wp\/v2\/tags?post=3336"}],"curies":[{"name":"wp","href":"https:\/\/api.w.org\/{rel}","templated":true}]}}