{"id":3332,"date":"2021-03-19T14:00:10","date_gmt":"2021-03-19T13:00:10","guid":{"rendered":"https:\/\/agora.xtec.cat\/ceipparealgue\/?p=3332"},"modified":"2021-03-19T14:02:33","modified_gmt":"2021-03-19T13:02:33","slug":"jornada-esportiva-al-congost-de-6e","status":"publish","type":"post","link":"https:\/\/agora.xtec.cat\/ceipparealgue\/general\/jornada-esportiva-al-congost-de-6e\/","title":{"rendered":"Jornada Esportiva al Congost de 6\u00e8"},"content":{"rendered":"<p>Ahir, 18 de mar\u00e7 del 2021, els i les alumnes de sis\u00e8 vam anar fins al Congost per practicar diferents modalitats d&#8217;atletisme i rugby.<\/p>\n<p>Vam gaudir d&#8217;un molt bon dia i ens va encantar la sortida.<\/p>\n<p>En el seg\u00fcent enlla\u00e7 podreu veure les fotos:<\/p>\n<p><a href=\"https:\/\/photos.app.goo.gl\/y591sFqQDVhy8sdL6\">https:\/\/photos.app.goo.gl\/y591sFqQDVhy8sdL6<\/a><\/p>\n<p>&nbsp;<\/p>\n","protected":false},"excerpt":{"rendered":"<p>Ahir, 18 de mar\u00e7 del 2021, els i les alumnes de sis\u00e8 vam anar fins al Congost per practicar diferents modalitats d&#8217;atletisme i rugby.<br \/>\nVam gaudir d&#8217;un molt bon dia i ens va encantar la sortida.<br \/>\nEn el seg\u00fcent enlla\u00e7 podreu veure les fotos:<br \/>\n<a href=\"https:\/\/photos.app.goo.gl\/y591sFqQDVhy8sdL6\">https:\/\/photos.app.goo.gl\/y591sFqQDVhy8sdL6<\/a><br \/>\n&nbsp;<\/p>\n","protected":false},"author":1,"featured_media":0,"comment_status":"open","ping_status":"closed","sticky":false,"template":"","format":"standard","meta":{"_bbp_topic_count":0,"_bbp_reply_count":0,"_bbp_total_topic_count":0,"_bbp_total_reply_count":0,"_bbp_voice_count":0,"_bbp_anonymous_reply_count":0,"_bbp_topic_count_hidden":0,"_bbp_reply_count_hidden":0,"_bbp_forum_subforum_count":0,"footnotes":""},"categories":[63,1,4],"tags":[],"class_list":["post-3332","post","type-post","status-publish","format-standard","hentry","category-ef","category-general","category-portada"],"post_mailing_queue_ids":[],"_links":{"self":[{"href":"https:\/\/agora.xtec.cat\/ceipparealgue\/wp-json\/wp\/v2\/posts\/3332","targetHints":{"allow":["GET"]}}],"collection":[{"href":"https:\/\/agora.xtec.cat\/ceipparealgue\/wp-json\/wp\/v2\/posts"}],"about":[{"href":"https:\/\/agora.xtec.cat\/ceipparealgue\/wp-json\/wp\/v2\/types\/post"}],"author":[{"embeddable":true,"href":"https:\/\/agora.xtec.cat\/ceipparealgue\/wp-json\/wp\/v2\/users\/1"}],"replies":[{"embeddable":true,"href":"https:\/\/agora.xtec.cat\/ceipparealgue\/wp-json\/wp\/v2\/comments?post=3332"}],"version-history":[{"count":2,"href":"https:\/\/agora.xtec.cat\/ceipparealgue\/wp-json\/wp\/v2\/posts\/3332\/revisions"}],"predecessor-version":[{"id":3334,"href":"https:\/\/agora.xtec.cat\/ceipparealgue\/wp-json\/wp\/v2\/posts\/3332\/revisions\/3334"}],"wp:attachment":[{"href":"https:\/\/agora.xtec.cat\/ceipparealgue\/wp-json\/wp\/v2\/media?parent=3332"}],"wp:term":[{"taxonomy":"category","embeddable":true,"href":"https:\/\/agora.xtec.cat\/ceipparealgue\/wp-json\/wp\/v2\/categories?post=3332"},{"taxonomy":"post_tag","embeddable":true,"href":"https:\/\/agora.xtec.cat\/ceipparealgue\/wp-json\/wp\/v2\/tags?post=3332"}],"curies":[{"name":"wp","href":"https:\/\/api.w.org\/{rel}","templated":true}]}}