{"id":3323,"date":"2021-03-16T10:16:59","date_gmt":"2021-03-16T09:16:59","guid":{"rendered":"https:\/\/agora.xtec.cat\/ceipparealgue\/?p=3323"},"modified":"2024-01-17T10:38:22","modified_gmt":"2024-01-17T09:38:22","slug":"sortida-al-museu-de-la-tecnica-de-manresa","status":"publish","type":"post","link":"https:\/\/agora.xtec.cat\/ceipparealgue\/portada\/sortida-al-museu-de-la-tecnica-de-manresa\/","title":{"rendered":"SORTIDA AL MUSEU DE LA T\u00c8CNICA DE MANRESA"},"content":{"rendered":"<p>El divendres 12 de febrer els nens i nenes de 3r vam anar a visitar l&#8217;exposici\u00f3 &#8220;Les Matem\u00e0tiques i la Vida&#8221; al Museu de la T\u00e8cnica de Manresa.<\/p>\n<p>Pel que fa la visita guiada, vam escoltar atentament totes les informacions de la guia i vam poder gaudir d&#8217;una estona de joc experimental amb els diferents racons de l&#8217;exposici\u00f3.<\/p>\n<p>Tamb\u00e9 vam poder gaudir d&#8217;una estona de joc al carrer, a un parc que hi ha al costat.<\/p>\n<p>Esperem poder fer m\u00e9s sortides i passar-nos-ho tan b\u00e9 junts!<\/p>\n<p>Podeu veure les fotografies clicant a la seg\u00fcent fotografia:<\/p>\n<p><a href=\"https:\/\/photos.app.goo.gl\/twSLZvW59A82yney9\"><img loading=\"lazy\" decoding=\"async\" class=\"aligncenter\" src=\"https:\/\/lh3.googleusercontent.com\/pw\/ACtC-3crRRFrTfEjBiNPfKqL11obe_9q6zyHca8abYAQnTGrF_vUMkUe7-TZTj7leWZOhTQUWR6aCeafV1yB9NgOE2Y_5Qd9gjUj3YDbRzGu4ALGr9O_80zCPmpz3m6fC5laCTrSlEoIOdXa5u6tXzJBSvRx=w616-h821-no?authuser=0\" width=\"286\" height=\"381\" \/><\/a><\/p>\n<p>&nbsp;<\/p>\n","protected":false},"excerpt":{"rendered":"<p>El divendres 12 de febrer els nens i nenes de 3r vam anar a visitar l&#8217;exposici\u00f3 &#8220;Les Matem\u00e0tiques i la Vida&#8221; al Museu de la T\u00e8cnica de Manresa.<br \/>\nPel que fa la visita guiada, vam escoltar atentament totes les informacions de la guia i vam poder&hellip;  <a href=\"https:\/\/agora.xtec.cat\/ceipparealgue\/portada\/sortida-al-museu-de-la-tecnica-de-manresa\/\" title=\"Read SORTIDA AL MUSEU DE LA T\u00c8CNICA DE MANRESA\">Llegeix m\u00e9s\u00bb<\/a><\/p>\n","protected":false},"author":1,"featured_media":0,"comment_status":"open","ping_status":"closed","sticky":false,"template":"","format":"standard","meta":{"_bbp_topic_count":0,"_bbp_reply_count":0,"_bbp_total_topic_count":0,"_bbp_total_reply_count":0,"_bbp_voice_count":0,"_bbp_anonymous_reply_count":0,"_bbp_topic_count_hidden":0,"_bbp_reply_count_hidden":0,"_bbp_forum_subforum_count":0,"footnotes":""},"categories":[4,11],"tags":[],"class_list":["post-3323","post","type-post","status-publish","format-standard","hentry","category-portada","category-11"],"post_mailing_queue_ids":[],"_links":{"self":[{"href":"https:\/\/agora.xtec.cat\/ceipparealgue\/wp-json\/wp\/v2\/posts\/3323","targetHints":{"allow":["GET"]}}],"collection":[{"href":"https:\/\/agora.xtec.cat\/ceipparealgue\/wp-json\/wp\/v2\/posts"}],"about":[{"href":"https:\/\/agora.xtec.cat\/ceipparealgue\/wp-json\/wp\/v2\/types\/post"}],"author":[{"embeddable":true,"href":"https:\/\/agora.xtec.cat\/ceipparealgue\/wp-json\/wp\/v2\/users\/1"}],"replies":[{"embeddable":true,"href":"https:\/\/agora.xtec.cat\/ceipparealgue\/wp-json\/wp\/v2\/comments?post=3323"}],"version-history":[{"count":3,"href":"https:\/\/agora.xtec.cat\/ceipparealgue\/wp-json\/wp\/v2\/posts\/3323\/revisions"}],"predecessor-version":[{"id":3326,"href":"https:\/\/agora.xtec.cat\/ceipparealgue\/wp-json\/wp\/v2\/posts\/3323\/revisions\/3326"}],"wp:attachment":[{"href":"https:\/\/agora.xtec.cat\/ceipparealgue\/wp-json\/wp\/v2\/media?parent=3323"}],"wp:term":[{"taxonomy":"category","embeddable":true,"href":"https:\/\/agora.xtec.cat\/ceipparealgue\/wp-json\/wp\/v2\/categories?post=3323"},{"taxonomy":"post_tag","embeddable":true,"href":"https:\/\/agora.xtec.cat\/ceipparealgue\/wp-json\/wp\/v2\/tags?post=3323"}],"curies":[{"name":"wp","href":"https:\/\/api.w.org\/{rel}","templated":true}]}}