{"id":3239,"date":"2021-02-17T16:03:20","date_gmt":"2021-02-17T15:03:20","guid":{"rendered":"https:\/\/agora.xtec.cat\/ceipparealgue\/?p=3239"},"modified":"2024-01-17T10:20:07","modified_gmt":"2024-01-17T09:20:07","slug":"excursio-de-2n-dins-la-setmana-del-carnestoltes-a-la-placa-simeo-selga","status":"publish","type":"post","link":"https:\/\/agora.xtec.cat\/ceipparealgue\/portada\/excursio-de-2n-dins-la-setmana-del-carnestoltes-a-la-placa-simeo-selga\/","title":{"rendered":"EXCURSI\u00d3 DE 2N DINS LA SETMANA DEL CARNESTOLTES A LA PLA\u00c7A SIME\u00d3 SELGA"},"content":{"rendered":"<p>El passat dimecres dia 10 de febrer, aprofitant la setmana de Carnestoltes, els nois i noies de 2n vam fer una excursi\u00f3 a la pla\u00e7a Sime\u00f3 Selga. An\u00e0vem ben vestits de gala com marcava la consigna d&#8217;aquell dia a l&#8217;escola. Tot i no fer gaire bon temps ens ho vam passar d&#8217;all\u00f2 m\u00e9s b\u00e9: vam esmorzar, vam jugar de valent i vam intentar fer algun que altre exercici d&#8217;esport en el lloc que hi ha habilitat dins la pla\u00e7a per fer-ho!!<\/p>\n<p>Per veure&#8217;n les fotos cliqueu a l&#8217;enlla\u00e7 adjunt.<\/p>\n<p><a href=\"https:\/\/photos.app.goo.gl\/pyhmgoH2ox9Z5Vd1A\">https:\/\/photos.app.goo.gl\/pyhmgoH2ox9Z5Vd1A<\/a><\/p>\n","protected":false},"excerpt":{"rendered":"<p>El passat dimecres dia 10 de febrer, aprofitant la setmana de Carnestoltes, els nois i noies de 2n vam fer una excursi\u00f3 a la pla\u00e7a Sime\u00f3 Selga. An\u00e0vem ben vestits de gala com marcava la consigna d&#8217;aquell dia a l&#8217;escola. Tot i no fer gaire&hellip;  <a href=\"https:\/\/agora.xtec.cat\/ceipparealgue\/portada\/excursio-de-2n-dins-la-setmana-del-carnestoltes-a-la-placa-simeo-selga\/\" title=\"Read EXCURSI\u00d3 DE 2N DINS LA SETMANA DEL CARNESTOLTES A LA PLA\u00c7A SIME\u00d3 SELGA\">Llegeix m\u00e9s\u00bb<\/a><\/p>\n","protected":false},"author":1,"featured_media":0,"comment_status":"open","ping_status":"closed","sticky":false,"template":"","format":"standard","meta":{"_bbp_topic_count":0,"_bbp_reply_count":0,"_bbp_total_topic_count":0,"_bbp_total_reply_count":0,"_bbp_voice_count":0,"_bbp_anonymous_reply_count":0,"_bbp_topic_count_hidden":0,"_bbp_reply_count_hidden":0,"_bbp_forum_subforum_count":0,"footnotes":""},"categories":[4,10],"tags":[],"class_list":["post-3239","post","type-post","status-publish","format-standard","hentry","category-portada","category-10"],"post_mailing_queue_ids":[],"_links":{"self":[{"href":"https:\/\/agora.xtec.cat\/ceipparealgue\/wp-json\/wp\/v2\/posts\/3239","targetHints":{"allow":["GET"]}}],"collection":[{"href":"https:\/\/agora.xtec.cat\/ceipparealgue\/wp-json\/wp\/v2\/posts"}],"about":[{"href":"https:\/\/agora.xtec.cat\/ceipparealgue\/wp-json\/wp\/v2\/types\/post"}],"author":[{"embeddable":true,"href":"https:\/\/agora.xtec.cat\/ceipparealgue\/wp-json\/wp\/v2\/users\/1"}],"replies":[{"embeddable":true,"href":"https:\/\/agora.xtec.cat\/ceipparealgue\/wp-json\/wp\/v2\/comments?post=3239"}],"version-history":[{"count":3,"href":"https:\/\/agora.xtec.cat\/ceipparealgue\/wp-json\/wp\/v2\/posts\/3239\/revisions"}],"predecessor-version":[{"id":3246,"href":"https:\/\/agora.xtec.cat\/ceipparealgue\/wp-json\/wp\/v2\/posts\/3239\/revisions\/3246"}],"wp:attachment":[{"href":"https:\/\/agora.xtec.cat\/ceipparealgue\/wp-json\/wp\/v2\/media?parent=3239"}],"wp:term":[{"taxonomy":"category","embeddable":true,"href":"https:\/\/agora.xtec.cat\/ceipparealgue\/wp-json\/wp\/v2\/categories?post=3239"},{"taxonomy":"post_tag","embeddable":true,"href":"https:\/\/agora.xtec.cat\/ceipparealgue\/wp-json\/wp\/v2\/tags?post=3239"}],"curies":[{"name":"wp","href":"https:\/\/api.w.org\/{rel}","templated":true}]}}