{"id":3203,"date":"2021-02-04T16:05:27","date_gmt":"2021-02-04T15:05:27","guid":{"rendered":"https:\/\/agora.xtec.cat\/ceipparealgue\/?p=3203"},"modified":"2024-01-17T10:38:45","modified_gmt":"2024-01-17T09:38:45","slug":"tornem-a-lescola","status":"publish","type":"post","link":"https:\/\/agora.xtec.cat\/ceipparealgue\/general\/tornem-a-lescola\/","title":{"rendered":"TORNEM A L&#8217;ESCOLA!"},"content":{"rendered":"<p>Bona tarda fam\u00edlies,<\/p>\n<p>Els nens i nenes de 3r B tenim moltes ganes d&#8217;informar-vos que dem\u00e0 divendres tornem a l&#8217;escola despr\u00e9s d&#8217;estar 10 dies confinats a casa.<\/p>\n<p>Hem passat dies de tota mena, uns m\u00e9s divertits i d&#8217;altres m\u00e9s avorrits, encara que hem pogut seguir fent classes en l\u00ednia i ens ho hem passat d&#8217;all\u00f2 m\u00e9s b\u00e9.<\/p>\n<p>Cal felicitar a tots els nens i a totes les nenes per l&#8217;esfor\u00e7 i la paci\u00e8ncia que han tingut durant aquests dies. \ud83d\ude42<\/p>\n<p>Aqu\u00ed us deixem una fotografia de l&#8217;\u00faltima sessi\u00f3 d&#8217;avui dijous, estem molt contents de poder tornar dem\u00e0!<\/p>\n<p>Ens veiem a l&#8217;escola,<\/p>\n<p>3r B<\/p>\n<p><a href=\"https:\/\/agora.xtec.cat\/ceipparealgue\/wp-content\/uploads\/usu157\/2021\/02\/3-e1612451091163.jpg\"><img loading=\"lazy\" decoding=\"async\" class=\"alignnone wp-image-3205 size-full\" src=\"https:\/\/agora.xtec.cat\/ceipparealgue\/wp-content\/uploads\/usu157\/2021\/02\/3-e1612451091163.jpg\" alt=\"\" width=\"832\" height=\"359\" srcset=\"https:\/\/agora.xtec.cat\/ceipparealgue\/wp-content\/uploads\/usu157\/2021\/02\/3-e1612451091163.jpg 832w, https:\/\/agora.xtec.cat\/ceipparealgue\/wp-content\/uploads\/usu157\/2021\/02\/3-e1612451091163-300x129.jpg 300w, https:\/\/agora.xtec.cat\/ceipparealgue\/wp-content\/uploads\/usu157\/2021\/02\/3-e1612451091163-768x331.jpg 768w\" sizes=\"auto, (max-width: 832px) 100vw, 832px\" \/><\/a><\/p>\n","protected":false},"excerpt":{"rendered":"<p>Bona tarda fam\u00edlies,<br \/>\nEls nens i nenes de 3r B tenim moltes ganes d&#8217;informar-vos que dem\u00e0 divendres tornem a l&#8217;escola despr\u00e9s d&#8217;estar 10 dies confinats a casa.<br \/>\nHem passat dies de tota mena, uns m\u00e9s divertits i d&#8217;altres m\u00e9s avorrits, encara que hem pogut seguir fent classes&hellip;  <a href=\"https:\/\/agora.xtec.cat\/ceipparealgue\/general\/tornem-a-lescola\/\" title=\"Read TORNEM A L&#8217;ESCOLA!\">Llegeix m\u00e9s\u00bb<\/a><\/p>\n","protected":false},"author":1,"featured_media":0,"comment_status":"open","ping_status":"closed","sticky":false,"template":"","format":"standard","meta":{"_bbp_topic_count":0,"_bbp_reply_count":0,"_bbp_total_topic_count":0,"_bbp_total_reply_count":0,"_bbp_voice_count":0,"_bbp_anonymous_reply_count":0,"_bbp_topic_count_hidden":0,"_bbp_reply_count_hidden":0,"_bbp_forum_subforum_count":0,"footnotes":""},"categories":[1,4,11],"tags":[],"class_list":["post-3203","post","type-post","status-publish","format-standard","hentry","category-general","category-portada","category-11"],"post_mailing_queue_ids":[],"_links":{"self":[{"href":"https:\/\/agora.xtec.cat\/ceipparealgue\/wp-json\/wp\/v2\/posts\/3203","targetHints":{"allow":["GET"]}}],"collection":[{"href":"https:\/\/agora.xtec.cat\/ceipparealgue\/wp-json\/wp\/v2\/posts"}],"about":[{"href":"https:\/\/agora.xtec.cat\/ceipparealgue\/wp-json\/wp\/v2\/types\/post"}],"author":[{"embeddable":true,"href":"https:\/\/agora.xtec.cat\/ceipparealgue\/wp-json\/wp\/v2\/users\/1"}],"replies":[{"embeddable":true,"href":"https:\/\/agora.xtec.cat\/ceipparealgue\/wp-json\/wp\/v2\/comments?post=3203"}],"version-history":[{"count":3,"href":"https:\/\/agora.xtec.cat\/ceipparealgue\/wp-json\/wp\/v2\/posts\/3203\/revisions"}],"predecessor-version":[{"id":3214,"href":"https:\/\/agora.xtec.cat\/ceipparealgue\/wp-json\/wp\/v2\/posts\/3203\/revisions\/3214"}],"wp:attachment":[{"href":"https:\/\/agora.xtec.cat\/ceipparealgue\/wp-json\/wp\/v2\/media?parent=3203"}],"wp:term":[{"taxonomy":"category","embeddable":true,"href":"https:\/\/agora.xtec.cat\/ceipparealgue\/wp-json\/wp\/v2\/categories?post=3203"},{"taxonomy":"post_tag","embeddable":true,"href":"https:\/\/agora.xtec.cat\/ceipparealgue\/wp-json\/wp\/v2\/tags?post=3203"}],"curies":[{"name":"wp","href":"https:\/\/api.w.org\/{rel}","templated":true}]}}