{"id":3197,"date":"2021-02-01T09:51:45","date_gmt":"2021-02-01T08:51:45","guid":{"rendered":"https:\/\/agora.xtec.cat\/ceipparealgue\/?p=3197"},"modified":"2021-02-01T09:51:45","modified_gmt":"2021-02-01T08:51:45","slug":"el-nivell-del-mar-esta-augmentant-degut-al-canvi-climatic","status":"publish","type":"post","link":"https:\/\/agora.xtec.cat\/ceipparealgue\/portada\/el-nivell-del-mar-esta-augmentant-degut-al-canvi-climatic\/","title":{"rendered":"El nivell del mar est\u00e0 augmentant degut al canvi clim\u00e0tic"},"content":{"rendered":"<p><strong><u>El nivell del mar canvia al llarg de la hist\u00f2ria<\/u><\/strong><\/p>\n<p>Durant l\u2019era glacial, fa 20.000 anys, el <strong><u>nivell del mar<\/u><\/strong> era 120 metres inferior a l\u2019actual. Segons les <strong><u>emisions<\/u><\/strong> actuals de <strong><u>CO2<\/u><\/strong>, en els pr\u00f2xims anys, augmentar\u00e0 entre 20cm i un metre.<\/p>\n<p><strong><u>Disminuci\u00f3 de la contaminaci\u00f3 i prevenci\u00f3 del augment del nivell del mar<\/u><\/strong><\/p>\n<p>Per poder frenar aquest augment, hem de <strong><u>reduir la contaminaci\u00f3<\/u><\/strong>.<\/p>\n<p>Hi ha paisos que s\u2019estan preparant per aquest augment construint dics o illes artificials.<\/p>\n<p><img decoding=\"async\" src=\"https:\/\/biomassenergetic.com\/wp-content\/uploads\/2018\/04\/escalfament-global-biomassa.jpg\" alt=\"Les noves tecnologies i el canvi clim\u00e0tic | Biomass Energetic\" \/><\/p>\n","protected":false},"excerpt":{"rendered":"<p>El nivell del mar canvia al llarg de la hist\u00f2ria<br \/>\nDurant l\u2019era glacial, fa 20.000 anys, el nivell del mar era 120 metres inferior a l\u2019actual. Segons les emisions actuals de CO2, en els pr\u00f2xims anys, augmentar\u00e0 entre 20cm i un metre.<br \/>\nDisminuci\u00f3 de la contaminaci\u00f3 i&hellip;  <a href=\"https:\/\/agora.xtec.cat\/ceipparealgue\/portada\/el-nivell-del-mar-esta-augmentant-degut-al-canvi-climatic\/\" title=\"Read El nivell del mar est\u00e0 augmentant degut al canvi clim\u00e0tic\">Llegeix m\u00e9s\u00bb<\/a><\/p>\n","protected":false},"author":1,"featured_media":0,"comment_status":"open","ping_status":"closed","sticky":false,"template":"","format":"standard","meta":{"_bbp_topic_count":0,"_bbp_reply_count":0,"_bbp_total_topic_count":0,"_bbp_total_reply_count":0,"_bbp_voice_count":0,"_bbp_anonymous_reply_count":0,"_bbp_topic_count_hidden":0,"_bbp_reply_count_hidden":0,"_bbp_forum_subforum_count":0,"footnotes":""},"categories":[4],"tags":[],"class_list":["post-3197","post","type-post","status-publish","format-standard","hentry","category-portada"],"post_mailing_queue_ids":[],"_links":{"self":[{"href":"https:\/\/agora.xtec.cat\/ceipparealgue\/wp-json\/wp\/v2\/posts\/3197","targetHints":{"allow":["GET"]}}],"collection":[{"href":"https:\/\/agora.xtec.cat\/ceipparealgue\/wp-json\/wp\/v2\/posts"}],"about":[{"href":"https:\/\/agora.xtec.cat\/ceipparealgue\/wp-json\/wp\/v2\/types\/post"}],"author":[{"embeddable":true,"href":"https:\/\/agora.xtec.cat\/ceipparealgue\/wp-json\/wp\/v2\/users\/1"}],"replies":[{"embeddable":true,"href":"https:\/\/agora.xtec.cat\/ceipparealgue\/wp-json\/wp\/v2\/comments?post=3197"}],"version-history":[{"count":1,"href":"https:\/\/agora.xtec.cat\/ceipparealgue\/wp-json\/wp\/v2\/posts\/3197\/revisions"}],"predecessor-version":[{"id":3198,"href":"https:\/\/agora.xtec.cat\/ceipparealgue\/wp-json\/wp\/v2\/posts\/3197\/revisions\/3198"}],"wp:attachment":[{"href":"https:\/\/agora.xtec.cat\/ceipparealgue\/wp-json\/wp\/v2\/media?parent=3197"}],"wp:term":[{"taxonomy":"category","embeddable":true,"href":"https:\/\/agora.xtec.cat\/ceipparealgue\/wp-json\/wp\/v2\/categories?post=3197"},{"taxonomy":"post_tag","embeddable":true,"href":"https:\/\/agora.xtec.cat\/ceipparealgue\/wp-json\/wp\/v2\/tags?post=3197"}],"curies":[{"name":"wp","href":"https:\/\/api.w.org\/{rel}","templated":true}]}}