{"id":3165,"date":"2021-01-14T15:14:00","date_gmt":"2021-01-14T14:14:00","guid":{"rendered":"https:\/\/agora.xtec.cat\/ceipparealgue\/?p=3165"},"modified":"2024-01-17T11:07:30","modified_gmt":"2024-01-17T10:07:30","slug":"cicle-i-inicial-a-la-fageda-den-jorda","status":"publish","type":"post","link":"https:\/\/agora.xtec.cat\/ceipparealgue\/portada\/cicle-i-inicial-a-la-fageda-den-jorda\/","title":{"rendered":"CICLE INICIAL A LA FAGEDA D&#8217;EN JORD\u00c0"},"content":{"rendered":"<p><a href=\"https:\/\/photos.app.goo.gl\/UEpP1g2fU47V4nRW7\">https:\/\/photos.app.goo.gl\/UEpP1g2fU47V4nRW7<\/a><\/p>\n<p style=\"text-align: left;\">Aquest trimestre passat cicle inicial va fer una excursi\u00f3 a la Garrotxa on vam anar a visitar la Fageda d&#8217;en Jord\u00e0. Vam passejar pel bosc, ens van explicar tots els animals que hi vivien, vam visitar la f\u00e0brica de iogurts i tamb\u00e9 la granja de vaques que hi ha a la Fageda i que \u00e9s d&#8217;on extreuen la llet per a fer-los.<\/p>\n<p style=\"text-align: left;\">Ens ho vam passar d&#8217;all\u00f2 m\u00e9s b\u00e9!!!<\/p>\n<p>Si cliqueu a l&#8217;enlla\u00e7 del principi veureu les fotos de les activitats.<\/p>\n<p>&nbsp;<\/p>\n<p>&nbsp;<\/p>\n","protected":false},"excerpt":{"rendered":"<p><a href=\"https:\/\/photos.app.goo.gl\/UEpP1g2fU47V4nRW7\">https:\/\/photos.app.goo.gl\/UEpP1g2fU47V4nRW7<\/a><br \/>\nAquest trimestre passat cicle inicial va fer una excursi\u00f3 a la Garrotxa on vam anar a visitar la Fageda d&#8217;en Jord\u00e0. Vam passejar pel bosc, ens van explicar tots els animals que hi vivien, vam visitar la f\u00e0brica de iogurts i tamb\u00e9 la granja&hellip;  <a href=\"https:\/\/agora.xtec.cat\/ceipparealgue\/portada\/cicle-i-inicial-a-la-fageda-den-jorda\/\" title=\"Read CICLE INICIAL A LA FAGEDA D&#8217;EN JORD\u00c0\">Llegeix m\u00e9s\u00bb<\/a><\/p>\n","protected":false},"author":1,"featured_media":0,"comment_status":"open","ping_status":"closed","sticky":false,"template":"","format":"standard","meta":{"_bbp_topic_count":0,"_bbp_reply_count":0,"_bbp_total_topic_count":0,"_bbp_total_reply_count":0,"_bbp_voice_count":0,"_bbp_anonymous_reply_count":0,"_bbp_topic_count_hidden":0,"_bbp_reply_count_hidden":0,"_bbp_forum_subforum_count":0,"footnotes":""},"categories":[4,10,9],"tags":[],"class_list":["post-3165","post","type-post","status-publish","format-standard","hentry","category-portada","category-10","category-9"],"post_mailing_queue_ids":[],"_links":{"self":[{"href":"https:\/\/agora.xtec.cat\/ceipparealgue\/wp-json\/wp\/v2\/posts\/3165","targetHints":{"allow":["GET"]}}],"collection":[{"href":"https:\/\/agora.xtec.cat\/ceipparealgue\/wp-json\/wp\/v2\/posts"}],"about":[{"href":"https:\/\/agora.xtec.cat\/ceipparealgue\/wp-json\/wp\/v2\/types\/post"}],"author":[{"embeddable":true,"href":"https:\/\/agora.xtec.cat\/ceipparealgue\/wp-json\/wp\/v2\/users\/1"}],"replies":[{"embeddable":true,"href":"https:\/\/agora.xtec.cat\/ceipparealgue\/wp-json\/wp\/v2\/comments?post=3165"}],"version-history":[{"count":3,"href":"https:\/\/agora.xtec.cat\/ceipparealgue\/wp-json\/wp\/v2\/posts\/3165\/revisions"}],"predecessor-version":[{"id":3176,"href":"https:\/\/agora.xtec.cat\/ceipparealgue\/wp-json\/wp\/v2\/posts\/3165\/revisions\/3176"}],"wp:attachment":[{"href":"https:\/\/agora.xtec.cat\/ceipparealgue\/wp-json\/wp\/v2\/media?parent=3165"}],"wp:term":[{"taxonomy":"category","embeddable":true,"href":"https:\/\/agora.xtec.cat\/ceipparealgue\/wp-json\/wp\/v2\/categories?post=3165"},{"taxonomy":"post_tag","embeddable":true,"href":"https:\/\/agora.xtec.cat\/ceipparealgue\/wp-json\/wp\/v2\/tags?post=3165"}],"curies":[{"name":"wp","href":"https:\/\/api.w.org\/{rel}","templated":true}]}}