{"id":3056,"date":"2020-12-30T11:18:27","date_gmt":"2020-12-30T10:18:27","guid":{"rendered":"https:\/\/agora.xtec.cat\/ceipparealgue\/?p=3056"},"modified":"2020-12-30T11:18:51","modified_gmt":"2020-12-30T10:18:51","slug":"activitats-lultim-dia-de-trimestre","status":"publish","type":"post","link":"https:\/\/agora.xtec.cat\/ceipparealgue\/primaria\/2016\/activitats-lultim-dia-de-trimestre\/","title":{"rendered":"ACTIVITATS \u00daLTIM DIA DE TRIMESTRE"},"content":{"rendered":"<p>Hola fam\u00edlies,<\/p>\n<p>El dilluns 21 de desembre va ser l&#8217;\u00faltim dia lectiu del 1r trimestre a l&#8217;escola. Aquest \u00faltim dia a l&#8217;escola es van organitzar diverses activitats. A continuaci\u00f3 us deixem un recull de fotografies, agrupades per cada un dels cicles.<\/p>\n<p><a href=\"https:\/\/photos.app.goo.gl\/vL9Pp3kx2pepzZrz6\">Fotografies d&#8217;Educaci\u00f3 Infantil (P3, P4 i P5)<\/a><\/p>\n<p><a href=\"https:\/\/photos.app.goo.gl\/hTDqGLdAFdWGknoj8\">Fotografies de Cicle Inicial (1r i 2n)<\/a><\/p>\n<p><a href=\"https:\/\/photos.app.goo.gl\/8pFYJ8vCnWPM9xuT9\">Fotografies de Cicle Mitj\u00e0 (3r i 4t)<\/a><\/p>\n<p><a href=\"https:\/\/photos.app.goo.gl\/qu9pbqnu4dzkRbt36\">Fotografies de Cicle Superior( 5\u00e8 i 6\u00e8)<\/a><\/p>\n","protected":false},"excerpt":{"rendered":"<p>Hola fam\u00edlies,<br \/>\nEl dilluns 21 de desembre va ser l&#8217;\u00faltim dia lectiu del 1r trimestre a l&#8217;escola. Aquest \u00faltim dia a l&#8217;escola es van organitzar diverses activitats. A continuaci\u00f3 us deixem un recull de fotografies, agrupades per cada un dels cicles.<br \/>\n<a href=\"https:\/\/photos.app.goo.gl\/vL9Pp3kx2pepzZrz6\">Fotografies d&#8217;Educaci\u00f3 Infantil (P3, P4&hellip;  <a href=\"https:\/\/agora.xtec.cat\/ceipparealgue\/primaria\/2016\/activitats-lultim-dia-de-trimestre\/\" title=\"Read ACTIVITATS \u00daLTIM DIA DE TRIMESTRE\">Llegeix m\u00e9s\u00bb<\/a><\/p>\n","protected":false},"author":1,"featured_media":0,"comment_status":"open","ping_status":"closed","sticky":false,"template":"","format":"standard","meta":{"_bbp_topic_count":0,"_bbp_reply_count":0,"_bbp_total_topic_count":0,"_bbp_total_reply_count":0,"_bbp_voice_count":0,"_bbp_anonymous_reply_count":0,"_bbp_topic_count_hidden":0,"_bbp_reply_count_hidden":0,"_bbp_forum_subforum_count":0,"footnotes":""},"categories":[4,12,11,10,9,8,3,66,68],"tags":[],"class_list":["post-3056","post","type-post","status-publish","format-standard","hentry","category-portada","category-12","category-11","category-10","category-9","category-8","category-3","category-66","category-68"],"post_mailing_queue_ids":[],"_links":{"self":[{"href":"https:\/\/agora.xtec.cat\/ceipparealgue\/wp-json\/wp\/v2\/posts\/3056","targetHints":{"allow":["GET"]}}],"collection":[{"href":"https:\/\/agora.xtec.cat\/ceipparealgue\/wp-json\/wp\/v2\/posts"}],"about":[{"href":"https:\/\/agora.xtec.cat\/ceipparealgue\/wp-json\/wp\/v2\/types\/post"}],"author":[{"embeddable":true,"href":"https:\/\/agora.xtec.cat\/ceipparealgue\/wp-json\/wp\/v2\/users\/1"}],"replies":[{"embeddable":true,"href":"https:\/\/agora.xtec.cat\/ceipparealgue\/wp-json\/wp\/v2\/comments?post=3056"}],"version-history":[{"count":3,"href":"https:\/\/agora.xtec.cat\/ceipparealgue\/wp-json\/wp\/v2\/posts\/3056\/revisions"}],"predecessor-version":[{"id":3071,"href":"https:\/\/agora.xtec.cat\/ceipparealgue\/wp-json\/wp\/v2\/posts\/3056\/revisions\/3071"}],"wp:attachment":[{"href":"https:\/\/agora.xtec.cat\/ceipparealgue\/wp-json\/wp\/v2\/media?parent=3056"}],"wp:term":[{"taxonomy":"category","embeddable":true,"href":"https:\/\/agora.xtec.cat\/ceipparealgue\/wp-json\/wp\/v2\/categories?post=3056"},{"taxonomy":"post_tag","embeddable":true,"href":"https:\/\/agora.xtec.cat\/ceipparealgue\/wp-json\/wp\/v2\/tags?post=3056"}],"curies":[{"name":"wp","href":"https:\/\/api.w.org\/{rel}","templated":true}]}}