{"id":2904,"date":"2020-11-20T14:38:30","date_gmt":"2020-11-20T13:38:30","guid":{"rendered":"https:\/\/agora.xtec.cat\/ceipparealgue\/?p=2904"},"modified":"2024-01-16T10:32:45","modified_gmt":"2024-01-16T09:32:45","slug":"p5-celebrem-els-drets-dels-infants","status":"publish","type":"post","link":"https:\/\/agora.xtec.cat\/ceipparealgue\/portada\/p5-celebrem-els-drets-dels-infants\/","title":{"rendered":"CELEBREM ELS DRETS DELS INFANTS A P5"},"content":{"rendered":"<p><a href=\"https:\/\/agora.xtec.cat\/ceipparealgue\/wp-content\/uploads\/usu157\/2020\/11\/Captura-de-Pantalla-2020-11-20-a-les-14.08.29.png\"><img loading=\"lazy\" decoding=\"async\" class=\"wp-image-2905 aligncenter\" src=\"https:\/\/agora.xtec.cat\/ceipparealgue\/wp-content\/uploads\/usu157\/2020\/11\/Captura-de-Pantalla-2020-11-20-a-les-14.08.29-1024x570.png\" alt=\"\" width=\"506\" height=\"282\" srcset=\"https:\/\/agora.xtec.cat\/ceipparealgue\/wp-content\/uploads\/usu157\/2020\/11\/Captura-de-Pantalla-2020-11-20-a-les-14.08.29-1024x570.png 1024w, https:\/\/agora.xtec.cat\/ceipparealgue\/wp-content\/uploads\/usu157\/2020\/11\/Captura-de-Pantalla-2020-11-20-a-les-14.08.29-300x167.png 300w, https:\/\/agora.xtec.cat\/ceipparealgue\/wp-content\/uploads\/usu157\/2020\/11\/Captura-de-Pantalla-2020-11-20-a-les-14.08.29-768x427.png 768w, https:\/\/agora.xtec.cat\/ceipparealgue\/wp-content\/uploads\/usu157\/2020\/11\/Captura-de-Pantalla-2020-11-20-a-les-14.08.29.png 1393w\" sizes=\"auto, (max-width: 506px) 100vw, 506px\" \/><\/a><\/p>\n<p>Ja fa dies que estem fent diverses activitats per celebrar el dia dels drets dels infants:<\/p>\n<ul>\n<li>El Manel Just\u00edcia ens ha explicat el conte: On s\u00f3n les nostres abra\u00e7ades?<\/li>\n<li>. Hem fet cors expressant els nostres sentiments i emocions.<\/li>\n<li>. El Manel Just\u00edcia ens ha fet ballar i passar-ho d&#8217;all\u00f2 m\u00e9s b\u00e9!<\/li>\n<\/ul>\n<p>El resultat de tot aix\u00f2 el teniu recollit en el v\u00eddeo que ens han fet des de l&#8217;Ajuntament de Manresa i les fotos que hem fet a l&#8217;escola.<\/p>\n<p>Esperem que us agradi:<\/p>\n<p style=\"text-align: center;\"><iframe loading=\"lazy\" src=\"https:\/\/www.youtube.com\/embed\/Ks6YiDZ9JWY\" width=\"560\" height=\"315\" frameborder=\"0\"><\/iframe><\/p>\n<p><a href=\"https:\/\/agora.xtec.cat\/ceipparealgue\/wp-content\/uploads\/usu157\/2020\/11\/23A01847-4345-4A26-BD30-62700E345B42-COLLAGE.jpg\"><img loading=\"lazy\" decoding=\"async\" class=\"wp-image-2906 aligncenter\" src=\"https:\/\/agora.xtec.cat\/ceipparealgue\/wp-content\/uploads\/usu157\/2020\/11\/23A01847-4345-4A26-BD30-62700E345B42-COLLAGE.jpg\" alt=\"\" width=\"476\" height=\"476\" srcset=\"https:\/\/agora.xtec.cat\/ceipparealgue\/wp-content\/uploads\/usu157\/2020\/11\/23A01847-4345-4A26-BD30-62700E345B42-COLLAGE.jpg 1024w, https:\/\/agora.xtec.cat\/ceipparealgue\/wp-content\/uploads\/usu157\/2020\/11\/23A01847-4345-4A26-BD30-62700E345B42-COLLAGE-150x150.jpg 150w, https:\/\/agora.xtec.cat\/ceipparealgue\/wp-content\/uploads\/usu157\/2020\/11\/23A01847-4345-4A26-BD30-62700E345B42-COLLAGE-300x300.jpg 300w, https:\/\/agora.xtec.cat\/ceipparealgue\/wp-content\/uploads\/usu157\/2020\/11\/23A01847-4345-4A26-BD30-62700E345B42-COLLAGE-768x768.jpg 768w\" sizes=\"auto, (max-width: 476px) 100vw, 476px\" \/><\/a><a href=\"https:\/\/agora.xtec.cat\/ceipparealgue\/wp-content\/uploads\/usu157\/2020\/11\/DB2254BF-9B17-4861-9574-DB82E3791ABF-COLLAGE.jpg\"><img loading=\"lazy\" decoding=\"async\" class=\"wp-image-2907 aligncenter\" src=\"https:\/\/agora.xtec.cat\/ceipparealgue\/wp-content\/uploads\/usu157\/2020\/11\/DB2254BF-9B17-4861-9574-DB82E3791ABF-COLLAGE.jpg\" alt=\"\" width=\"466\" height=\"466\" srcset=\"https:\/\/agora.xtec.cat\/ceipparealgue\/wp-content\/uploads\/usu157\/2020\/11\/DB2254BF-9B17-4861-9574-DB82E3791ABF-COLLAGE.jpg 1024w, https:\/\/agora.xtec.cat\/ceipparealgue\/wp-content\/uploads\/usu157\/2020\/11\/DB2254BF-9B17-4861-9574-DB82E3791ABF-COLLAGE-150x150.jpg 150w, https:\/\/agora.xtec.cat\/ceipparealgue\/wp-content\/uploads\/usu157\/2020\/11\/DB2254BF-9B17-4861-9574-DB82E3791ABF-COLLAGE-300x300.jpg 300w, https:\/\/agora.xtec.cat\/ceipparealgue\/wp-content\/uploads\/usu157\/2020\/11\/DB2254BF-9B17-4861-9574-DB82E3791ABF-COLLAGE-768x768.jpg 768w\" sizes=\"auto, (max-width: 466px) 100vw, 466px\" \/><\/a><\/p>\n<p>Qui vulgui veure els cors que han fet els nens i nens de p5 i de diverses escoles de Manresa ho pot fer a la biblioteca del Casino del 23 al 27 de novembre, seguint totes les mesures de seguretat.<\/p>\n","protected":false},"excerpt":{"rendered":"<p><a href=\"https:\/\/agora.xtec.cat\/ceipparealgue\/wp-content\/uploads\/usu157\/2020\/11\/Captura-de-Pantalla-2020-11-20-a-les-14.08.29.png\"><\/a><br \/>\nJa fa dies que estem fent diverses activitats per celebrar el dia dels drets dels infants:<\/p>\n<ul>\n<li>El Manel Just\u00edcia ens ha explicat el conte: On s\u00f3n les nostres abra\u00e7ades?<\/li>\n<li>. Hem fet cors expressant els nostres sentiments i emocions.<\/li>\n<li>. El Manel Just\u00edcia ens ha fet ballar&hellip;  <a href=\"https:\/\/agora.xtec.cat\/ceipparealgue\/portada\/p5-celebrem-els-drets-dels-infants\/\" title=\"Read CELEBREM ELS DRETS DELS INFANTS A P5\">Llegeix m\u00e9s\u00bb<\/a><br \/>\n","protected":false},"author":1,"featured_media":2905,"comment_status":"open","ping_status":"closed","sticky":false,"template":"","format":"standard","meta":{"_bbp_topic_count":0,"_bbp_reply_count":0,"_bbp_total_topic_count":0,"_bbp_total_reply_count":0,"_bbp_voice_count":0,"_bbp_anonymous_reply_count":0,"_bbp_topic_count_hidden":0,"_bbp_reply_count_hidden":0,"_bbp_forum_subforum_count":0,"footnotes":""},"categories":[4,8],"tags":[],"class_list":["post-2904","post","type-post","status-publish","format-standard","has-post-thumbnail","hentry","category-portada","category-8"],"post_mailing_queue_ids":[],"_links":{"self":[{"href":"https:\/\/agora.xtec.cat\/ceipparealgue\/wp-json\/wp\/v2\/posts\/2904","targetHints":{"allow":["GET"]}}],"collection":[{"href":"https:\/\/agora.xtec.cat\/ceipparealgue\/wp-json\/wp\/v2\/posts"}],"about":[{"href":"https:\/\/agora.xtec.cat\/ceipparealgue\/wp-json\/wp\/v2\/types\/post"}],"author":[{"embeddable":true,"href":"https:\/\/agora.xtec.cat\/ceipparealgue\/wp-json\/wp\/v2\/users\/1"}],"replies":[{"embeddable":true,"href":"https:\/\/agora.xtec.cat\/ceipparealgue\/wp-json\/wp\/v2\/comments?post=2904"}],"version-history":[{"count":3,"href":"https:\/\/agora.xtec.cat\/ceipparealgue\/wp-json\/wp\/v2\/posts\/2904\/revisions"}],"predecessor-version":[{"id":2957,"href":"https:\/\/agora.xtec.cat\/ceipparealgue\/wp-json\/wp\/v2\/posts\/2904\/revisions\/2957"}],"wp:featuredmedia":[{"embeddable":true,"href":"https:\/\/agora.xtec.cat\/ceipparealgue\/wp-json\/wp\/v2\/media\/2905"}],"wp:attachment":[{"href":"https:\/\/agora.xtec.cat\/ceipparealgue\/wp-json\/wp\/v2\/media?parent=2904"}],"wp:term":[{"taxonomy":"category","embeddable":true,"href":"https:\/\/agora.xtec.cat\/ceipparealgue\/wp-json\/wp\/v2\/categories?post=2904"},{"taxonomy":"post_tag","embeddable":true,"href":"https:\/\/agora.xtec.cat\/ceipparealgue\/wp-json\/wp\/v2\/tags?post=2904"}],"curies":[{"name":"wp","href":"https:\/\/api.w.org\/{rel}","templated":true}]}}