{"id":2901,"date":"2020-11-16T12:25:02","date_gmt":"2020-11-16T11:25:02","guid":{"rendered":"https:\/\/agora.xtec.cat\/ceipparealgue\/?p=2901"},"modified":"2020-11-26T19:13:11","modified_gmt":"2020-11-26T18:13:11","slug":"el-proces-de-germinacio-duna-cigronera-a-6ea","status":"publish","type":"post","link":"https:\/\/agora.xtec.cat\/ceipparealgue\/portada\/el-proces-de-germinacio-duna-cigronera-a-6ea\/","title":{"rendered":"EL PROC\u00c9S DE GERMINACI\u00d3 D&#8217;UNA CIGRONERA A 6\u00e8A"},"content":{"rendered":"<p>Els alumnes i les alumnes de 6\u00e8 A hem comen\u00e7at a entendre com es reprodueixen els \u00e9ssers vius, en concret les plantes. A partir d\u2019aquest tema ens ha sorgit la pregunta: Qu\u00e8 neix primer? Les arrels o la tija?<\/p>\n<p>Hem fet diferents hip\u00f2tesis per tal d\u2019esbrinar la resposta.<\/p>\n<p>Seguidament vam plantar cigrons per veure com germinen i aix\u00ed poder respondre al repte que se\u2019ns va plantejar. Hem descobert que primer surt l\u2019arrel i despr\u00e9s (gaireb\u00e9 a la vegada) surt la tija cap amunt.<\/p>\n<p>Ens hem adonat que les arrels fan diferents funcions; aferrar-se al terra i agafar els nutrients per cr\u00e9ixer. Tamb\u00e9 hem comprovat que la tija i les fulles creixen amunt per absorbir la llum i l\u2019oxigen.<\/p>\n<p>Per \u00faltim, hem trasplantat les cigroneres i les hem cuidar durant setmanes.<\/p>\n<p>Si cliqueu a la seg\u00fcent fotografia podreu veure les fotografies de tot el proc\u00e9s.<\/p>\n<p><img loading=\"lazy\" decoding=\"async\" class=\"aligncenter\" src=\"https:\/\/lh3.googleusercontent.com\/pw\/ACtC-3cq67LUz7B_dbHBAxIHxovUH5LTHpa2O1-dcOQEX_ajt9EijLfMKXWZ2RpYkuMsLnWec13D4fgJ80Hh8Mf642NaWdhKRritB1JXCPeTVhTPT9oDyaxpha-ZtlWmMR8oQfHu9YgG0gVMQSxta5leQQri=w660-h880-no?authuser=0\" width=\"346\" height=\"461\" \/><\/p>\n<p>&nbsp;<\/p>\n<p>&nbsp;<\/p>\n","protected":false},"excerpt":{"rendered":"<p>Els alumnes i les alumnes de 6\u00e8 A hem comen\u00e7at a entendre com es reprodueixen els \u00e9ssers vius, en concret les plantes. A partir d\u2019aquest tema ens ha sorgit la pregunta: Qu\u00e8 neix primer? Les arrels o la tija?<br \/>\nHem fet diferents hip\u00f2tesis per tal d\u2019esbrinar&hellip;  <a href=\"https:\/\/agora.xtec.cat\/ceipparealgue\/portada\/el-proces-de-germinacio-duna-cigronera-a-6ea\/\" title=\"Read EL PROC\u00c9S DE GERMINACI\u00d3 D&#8217;UNA CIGRONERA A 6\u00e8A\">Llegeix m\u00e9s\u00bb<\/a><\/p>\n","protected":false},"author":1,"featured_media":0,"comment_status":"open","ping_status":"closed","sticky":false,"template":"","format":"standard","meta":{"_bbp_topic_count":0,"_bbp_reply_count":0,"_bbp_total_topic_count":0,"_bbp_total_reply_count":0,"_bbp_voice_count":0,"_bbp_anonymous_reply_count":0,"_bbp_topic_count_hidden":0,"_bbp_reply_count_hidden":0,"_bbp_forum_subforum_count":0,"footnotes":""},"categories":[4,5],"tags":[],"class_list":["post-2901","post","type-post","status-publish","format-standard","hentry","category-portada","category-primaria"],"post_mailing_queue_ids":[],"_links":{"self":[{"href":"https:\/\/agora.xtec.cat\/ceipparealgue\/wp-json\/wp\/v2\/posts\/2901","targetHints":{"allow":["GET"]}}],"collection":[{"href":"https:\/\/agora.xtec.cat\/ceipparealgue\/wp-json\/wp\/v2\/posts"}],"about":[{"href":"https:\/\/agora.xtec.cat\/ceipparealgue\/wp-json\/wp\/v2\/types\/post"}],"author":[{"embeddable":true,"href":"https:\/\/agora.xtec.cat\/ceipparealgue\/wp-json\/wp\/v2\/users\/1"}],"replies":[{"embeddable":true,"href":"https:\/\/agora.xtec.cat\/ceipparealgue\/wp-json\/wp\/v2\/comments?post=2901"}],"version-history":[{"count":3,"href":"https:\/\/agora.xtec.cat\/ceipparealgue\/wp-json\/wp\/v2\/posts\/2901\/revisions"}],"predecessor-version":[{"id":2953,"href":"https:\/\/agora.xtec.cat\/ceipparealgue\/wp-json\/wp\/v2\/posts\/2901\/revisions\/2953"}],"wp:attachment":[{"href":"https:\/\/agora.xtec.cat\/ceipparealgue\/wp-json\/wp\/v2\/media?parent=2901"}],"wp:term":[{"taxonomy":"category","embeddable":true,"href":"https:\/\/agora.xtec.cat\/ceipparealgue\/wp-json\/wp\/v2\/categories?post=2901"},{"taxonomy":"post_tag","embeddable":true,"href":"https:\/\/agora.xtec.cat\/ceipparealgue\/wp-json\/wp\/v2\/tags?post=2901"}],"curies":[{"name":"wp","href":"https:\/\/api.w.org\/{rel}","templated":true}]}}