{"id":2899,"date":"2020-11-16T10:18:22","date_gmt":"2020-11-16T09:18:22","guid":{"rendered":"https:\/\/agora.xtec.cat\/ceipparealgue\/?p=2899"},"modified":"2020-11-26T19:11:12","modified_gmt":"2020-11-26T18:11:12","slug":"experimentem-amb-el-llevat","status":"publish","type":"post","link":"https:\/\/agora.xtec.cat\/ceipparealgue\/portada\/experimentem-amb-el-llevat\/","title":{"rendered":"A 5\u00e8A EXPERIMENTEM AMB EL LLEVAT"},"content":{"rendered":"<p>Hola a tots i a totes!<\/p>\n<p>La classe de 5\u00e8A hem fet un experiment amb el llevat. Hem descobert que el llevat, quan s&#8217;alimenta del sucre de la farina, produeix di\u00f2xid de carboni. Aix\u00f2 fa que el gas ocupi espai i el globus amb llevat i sucre s&#8217;hagi inflat. Tamb\u00e9 ens adonat que el llevat fresc fa una mica de mala olor, per\u00f2 a algun company li agradava. Ens ha agradat molt fer l&#8217;experiment!<\/p>\n<p>Aqu\u00ed teniu algunes imatges de l&#8217;experiment, cliqueu sobre de la fotografia per veure-les:<\/p>\n<p><a href=\"https:\/\/photos.app.goo.gl\/TVRMRuiQeuhSTjhz5\"><img loading=\"lazy\" decoding=\"async\" class=\"aligncenter\" src=\"https:\/\/lh3.googleusercontent.com\/pw\/ACtC-3ffiYHeID5obtXrJ8LbHeDD98z9IQzAhA5tz4F44hzCG30HG04dMWzP2AFkC1efL6-Bgfdny9oZUn3-vmvcZULl4gdYKEvreLO3JgByw_dVtLFJfD240DYLr27mm3h098ssvMtrDYBtx-IyzXXXTsYc=w659-h880-no?authuser=0\" width=\"334\" height=\"447\" \/><\/a><\/p>\n","protected":false},"excerpt":{"rendered":"<p>Hola a tots i a totes!<br \/>\nLa classe de 5\u00e8A hem fet un experiment amb el llevat. Hem descobert que el llevat, quan s&#8217;alimenta del sucre de la farina, produeix di\u00f2xid de carboni. Aix\u00f2 fa que el gas ocupi espai i el globus amb llevat i&hellip;  <a href=\"https:\/\/agora.xtec.cat\/ceipparealgue\/portada\/experimentem-amb-el-llevat\/\" title=\"Read A 5\u00e8A EXPERIMENTEM AMB EL LLEVAT\">Llegeix m\u00e9s\u00bb<\/a><\/p>\n","protected":false},"author":1,"featured_media":0,"comment_status":"open","ping_status":"closed","sticky":false,"template":"","format":"standard","meta":{"_bbp_topic_count":0,"_bbp_reply_count":0,"_bbp_total_topic_count":0,"_bbp_total_reply_count":0,"_bbp_voice_count":0,"_bbp_anonymous_reply_count":0,"_bbp_topic_count_hidden":0,"_bbp_reply_count_hidden":0,"_bbp_forum_subforum_count":0,"footnotes":""},"categories":[4,12],"tags":[],"class_list":["post-2899","post","type-post","status-publish","format-standard","hentry","category-portada","category-12"],"post_mailing_queue_ids":[],"_links":{"self":[{"href":"https:\/\/agora.xtec.cat\/ceipparealgue\/wp-json\/wp\/v2\/posts\/2899","targetHints":{"allow":["GET"]}}],"collection":[{"href":"https:\/\/agora.xtec.cat\/ceipparealgue\/wp-json\/wp\/v2\/posts"}],"about":[{"href":"https:\/\/agora.xtec.cat\/ceipparealgue\/wp-json\/wp\/v2\/types\/post"}],"author":[{"embeddable":true,"href":"https:\/\/agora.xtec.cat\/ceipparealgue\/wp-json\/wp\/v2\/users\/1"}],"replies":[{"embeddable":true,"href":"https:\/\/agora.xtec.cat\/ceipparealgue\/wp-json\/wp\/v2\/comments?post=2899"}],"version-history":[{"count":2,"href":"https:\/\/agora.xtec.cat\/ceipparealgue\/wp-json\/wp\/v2\/posts\/2899\/revisions"}],"predecessor-version":[{"id":2952,"href":"https:\/\/agora.xtec.cat\/ceipparealgue\/wp-json\/wp\/v2\/posts\/2899\/revisions\/2952"}],"wp:attachment":[{"href":"https:\/\/agora.xtec.cat\/ceipparealgue\/wp-json\/wp\/v2\/media?parent=2899"}],"wp:term":[{"taxonomy":"category","embeddable":true,"href":"https:\/\/agora.xtec.cat\/ceipparealgue\/wp-json\/wp\/v2\/categories?post=2899"},{"taxonomy":"post_tag","embeddable":true,"href":"https:\/\/agora.xtec.cat\/ceipparealgue\/wp-json\/wp\/v2\/tags?post=2899"}],"curies":[{"name":"wp","href":"https:\/\/api.w.org\/{rel}","templated":true}]}}