{"id":2521,"date":"2020-03-25T15:24:51","date_gmt":"2020-03-25T14:24:51","guid":{"rendered":"https:\/\/agora.xtec.cat\/ceipparealgue\/?p=2521"},"modified":"2020-03-30T18:44:17","modified_gmt":"2020-03-30T16:44:17","slug":"maqueta-i-mural-dexperts-sobre-la-prehistoria","status":"publish","type":"post","link":"https:\/\/agora.xtec.cat\/ceipparealgue\/portada\/maqueta-i-mural-dexperts-sobre-la-prehistoria\/","title":{"rendered":"Maqueta i mural d&#8217;experts sobre la Prehist\u00f2ria!"},"content":{"rendered":"<p>Bona tarda a tots!<\/p>\n<p>A 6\u00e8 A estem treballant molt i hem fet una maqueta prehist\u00f2rica. El resultat ha quedat molt b\u00e9, veritat? Amb el nostre grup d&#8217;experts tamb\u00e9 hem fet un mural resumint la informaci\u00f3 que hem investigat durant els \u00faltims mesos. Us adjuntem un enlla\u00e7 on podeu veure els resultats de les dues activitats.<\/p>\n<p>En podeu veure les fotografies clicant a la seg\u00fcent imatge:<\/p>\n<p><a href=\"https:\/\/photos.app.goo.gl\/FdC8ssK53KMV2GxM9\"><img loading=\"lazy\" decoding=\"async\" class=\"aligncenter\" src=\"https:\/\/lh3.googleusercontent.com\/fulF9RZ9ltEbVnOdT5XvY8cOWFWuDHrub8TrEYzd2xrHM1K_irGhaeUPppxUUlxHj1qsLNWDY0kDNBYHhC-yjqtIwZ7RgmFNZgsFhDAfFQZyDGVj13BE-ag1_eLSHrf_zAjT2ic1iJvKLhm1CgW3FFfw9Gtwd5LG8JW4O3Zh_xImLOoyB6EabTPqXGgESYCB2xcKpvvKVkgUD6Bcmr200DkBV-Ng7-PFhxzuXGW35RucTTmhvmv-_3jbmX3kt-iZjhkeYYK4OoFSJ4Rlo3HijjK9e5nLkRoX2zs_HA6yICuHZp_VPLJYuGJtdTmGtcaVHlvVCuOb0nNcNwrzqkjYE8N6Jpo9sT4KQzLaxBfDPyVSl_mblNeY72CL-8bHytqr1rOCW2pc5H_hcfi6dakW0fHgwPjad-lvlZhwvOxYe7A2eJYRGv_pBLqF2Bgpq8IMZxlGLDoPiVReCFLJuBca9hWYc-zmCAj357uO2gL8FkzPqvT6g7JINN1HMkLrxjkUz_DDlR2x298s6HoWqh2jUXySRjm86h2oFqF5bVnqoPwSEXqbjDr86jmuGNyG9gTvTYFK55nuYPjHP20ScBpDEXtD8LuBnwXd0Lc5TaOrUmsbbXRbzxuVV_G0TU26wAiYpfN-pbQzlMWs8VD2b9Fu698bYBnMbFARDEF_jzAviMY2O03TboD2NFFHSSFXJ2s7D9zUuSS_Fn5Wp8nWLHlqQMIOsYsjlaD9yYsfaZhVHDqNIT118UE9vQ=w1292-h969-no\" width=\"400\" height=\"300\" \/><\/a><\/p>\n<p>&nbsp;<\/p>\n","protected":false},"excerpt":{"rendered":"<p>Bona tarda a tots!<br \/>\nA 6\u00e8 A estem treballant molt i hem fet una maqueta prehist\u00f2rica. El resultat ha quedat molt b\u00e9, veritat? Amb el nostre grup d&#8217;experts tamb\u00e9 hem fet un mural resumint la informaci\u00f3 que hem investigat durant els \u00faltims mesos. Us adjuntem un&hellip;  <a href=\"https:\/\/agora.xtec.cat\/ceipparealgue\/portada\/maqueta-i-mural-dexperts-sobre-la-prehistoria\/\" title=\"Read Maqueta i mural d&#8217;experts sobre la Prehist\u00f2ria!\">Llegeix m\u00e9s\u00bb<\/a><\/p>\n","protected":false},"author":1,"featured_media":0,"comment_status":"open","ping_status":"closed","sticky":false,"template":"","format":"standard","meta":{"_bbp_topic_count":0,"_bbp_reply_count":0,"_bbp_total_topic_count":0,"_bbp_total_reply_count":0,"_bbp_voice_count":0,"_bbp_anonymous_reply_count":0,"_bbp_topic_count_hidden":0,"_bbp_reply_count_hidden":0,"_bbp_forum_subforum_count":0,"footnotes":""},"categories":[4,14],"tags":[],"class_list":["post-2521","post","type-post","status-publish","format-standard","hentry","category-portada","category-2008-a"],"post_mailing_queue_ids":[],"_links":{"self":[{"href":"https:\/\/agora.xtec.cat\/ceipparealgue\/wp-json\/wp\/v2\/posts\/2521","targetHints":{"allow":["GET"]}}],"collection":[{"href":"https:\/\/agora.xtec.cat\/ceipparealgue\/wp-json\/wp\/v2\/posts"}],"about":[{"href":"https:\/\/agora.xtec.cat\/ceipparealgue\/wp-json\/wp\/v2\/types\/post"}],"author":[{"embeddable":true,"href":"https:\/\/agora.xtec.cat\/ceipparealgue\/wp-json\/wp\/v2\/users\/1"}],"replies":[{"embeddable":true,"href":"https:\/\/agora.xtec.cat\/ceipparealgue\/wp-json\/wp\/v2\/comments?post=2521"}],"version-history":[{"count":3,"href":"https:\/\/agora.xtec.cat\/ceipparealgue\/wp-json\/wp\/v2\/posts\/2521\/revisions"}],"predecessor-version":[{"id":2542,"href":"https:\/\/agora.xtec.cat\/ceipparealgue\/wp-json\/wp\/v2\/posts\/2521\/revisions\/2542"}],"wp:attachment":[{"href":"https:\/\/agora.xtec.cat\/ceipparealgue\/wp-json\/wp\/v2\/media?parent=2521"}],"wp:term":[{"taxonomy":"category","embeddable":true,"href":"https:\/\/agora.xtec.cat\/ceipparealgue\/wp-json\/wp\/v2\/categories?post=2521"},{"taxonomy":"post_tag","embeddable":true,"href":"https:\/\/agora.xtec.cat\/ceipparealgue\/wp-json\/wp\/v2\/tags?post=2521"}],"curies":[{"name":"wp","href":"https:\/\/api.w.org\/{rel}","templated":true}]}}