{"id":2429,"date":"2020-03-12T18:19:05","date_gmt":"2020-03-12T17:19:05","guid":{"rendered":"https:\/\/agora.xtec.cat\/ceipparealgue\/?p=2429"},"modified":"2020-03-28T20:21:35","modified_gmt":"2020-03-28T19:21:35","slug":"comunicat-del-departament-deducacio","status":"publish","type":"post","link":"https:\/\/agora.xtec.cat\/ceipparealgue\/primaria\/2016\/comunicat-del-departament-deducacio\/","title":{"rendered":"COMUNICAT DEL DEPARTAMENT D&#8217;EDUCACI\u00d3"},"content":{"rendered":"<p>Benvolgut, benvolguda,<\/p>\n<p>El Departament d\u2019Educaci\u00f3, seguint instruccions del Departament de Salut i com a mesura excepcional per contenir el coronavirus, <strong>ha pres la decisi\u00f3 de tancar el centre fins nou av\u00eds. <\/strong>Per tant, han quedat suspeses les classes en horari lectiu i les activitats extraescolars.<\/p>\n<p>Seguirem prestant \u00a0atenci\u00f3 a les instruccions del Departament de Salut i a l\u2019evoluci\u00f3 de la situaci\u00f3.<\/p>\n<p>Us recomanem que tingueu oberts canals de comunicaci\u00f3 fluids amb el personal del centre educatiu, per\u00f2 \u00e9s recomanable evitar aquells de tipus presencial. Per tant si us voleu comunicar amb l&#8217;escola ho podeu fer a trav\u00e9s del correu electr\u00f2nic: <a href=\"mailto:a8020097@xtec.cat\">a8020097@xtec.cat<\/a><\/p>\n<p>Tamb\u00e9 us recordem que cal que seguiu les indicacions, recomanacions i protocols que estableix el Departament de Salut pel que fa a la prevenci\u00f3 del virus i que podeu consultar a <a href=\"http:\/\/canalsalut.gencat.cat\/coronavirus\">http:\/\/canalsalut.gencat.cat\/coronavirus<\/a><\/p>\n<p>Us agra\u00efm la vostra comprensi\u00f3 i col\u00b7laboraci\u00f3.<\/p>\n","protected":false},"excerpt":{"rendered":"<p>Benvolgut, benvolguda,<br \/>\nEl Departament d\u2019Educaci\u00f3, seguint instruccions del Departament de Salut i com a mesura excepcional per contenir el coronavirus, ha pres la decisi\u00f3 de tancar el centre fins nou av\u00eds. Per tant, han quedat suspeses les classes en horari lectiu i les activitats extraescolars.<br \/>\nSeguirem prestant&hellip;  <a href=\"https:\/\/agora.xtec.cat\/ceipparealgue\/primaria\/2016\/comunicat-del-departament-deducacio\/\" title=\"Read COMUNICAT DEL DEPARTAMENT D&#8217;EDUCACI\u00d3\">Llegeix m\u00e9s\u00bb<\/a><\/p>\n","protected":false},"author":1,"featured_media":0,"comment_status":"open","ping_status":"closed","sticky":false,"template":"","format":"standard","meta":{"_bbp_topic_count":0,"_bbp_reply_count":0,"_bbp_total_topic_count":0,"_bbp_total_reply_count":0,"_bbp_voice_count":0,"_bbp_anonymous_reply_count":0,"_bbp_topic_count_hidden":0,"_bbp_reply_count_hidden":0,"_bbp_forum_subforum_count":0,"footnotes":""},"categories":[4,14,59,12,11,10,9,8,3,66],"tags":[],"class_list":["post-2429","post","type-post","status-publish","format-standard","hentry","category-portada","category-2008-a","category-2008-b","category-12","category-11","category-10","category-9","category-8","category-3","category-66"],"post_mailing_queue_ids":[],"_links":{"self":[{"href":"https:\/\/agora.xtec.cat\/ceipparealgue\/wp-json\/wp\/v2\/posts\/2429","targetHints":{"allow":["GET"]}}],"collection":[{"href":"https:\/\/agora.xtec.cat\/ceipparealgue\/wp-json\/wp\/v2\/posts"}],"about":[{"href":"https:\/\/agora.xtec.cat\/ceipparealgue\/wp-json\/wp\/v2\/types\/post"}],"author":[{"embeddable":true,"href":"https:\/\/agora.xtec.cat\/ceipparealgue\/wp-json\/wp\/v2\/users\/1"}],"replies":[{"embeddable":true,"href":"https:\/\/agora.xtec.cat\/ceipparealgue\/wp-json\/wp\/v2\/comments?post=2429"}],"version-history":[{"count":3,"href":"https:\/\/agora.xtec.cat\/ceipparealgue\/wp-json\/wp\/v2\/posts\/2429\/revisions"}],"predecessor-version":[{"id":2529,"href":"https:\/\/agora.xtec.cat\/ceipparealgue\/wp-json\/wp\/v2\/posts\/2429\/revisions\/2529"}],"wp:attachment":[{"href":"https:\/\/agora.xtec.cat\/ceipparealgue\/wp-json\/wp\/v2\/media?parent=2429"}],"wp:term":[{"taxonomy":"category","embeddable":true,"href":"https:\/\/agora.xtec.cat\/ceipparealgue\/wp-json\/wp\/v2\/categories?post=2429"},{"taxonomy":"post_tag","embeddable":true,"href":"https:\/\/agora.xtec.cat\/ceipparealgue\/wp-json\/wp\/v2\/tags?post=2429"}],"curies":[{"name":"wp","href":"https:\/\/api.w.org\/{rel}","templated":true}]}}