{"id":2424,"date":"2020-03-12T11:37:00","date_gmt":"2020-03-12T10:37:00","guid":{"rendered":"https:\/\/agora.xtec.cat\/ceipparealgue\/?p=2424"},"modified":"2020-03-14T19:04:12","modified_gmt":"2020-03-14T18:04:12","slug":"coneixem-com-es-el-kursaal-per-dins","status":"publish","type":"post","link":"https:\/\/agora.xtec.cat\/ceipparealgue\/portada\/coneixem-com-es-el-kursaal-per-dins\/","title":{"rendered":"CONEIXEM COM \u00c9S EL KURSAAL PER DINS"},"content":{"rendered":"<p>Aquest passat dimecres 11 de mar\u00e7 els i les alumnes de 5\u00e8 vam anar al Kursaal. Per\u00f2 no vam assistir a una obra de teatre ni a un concert, sin\u00f3 que vam anar a veure com \u00e9s el teatre per dins.<\/p>\n<p>Vam aprendre un munt de coses noves; com el nom t\u00e8cnic de les cortines, com funcionen els llums, com s\u00f3n els camerins, com \u00e9s a sota l&#8217;escenari&#8230; Tamb\u00e9 ens van explicar la hist\u00f2ria del teatre Kursaal i la seva renovaci\u00f3.<\/p>\n<p>En general, va anar molt b\u00e9!<\/p>\n<p>Podeu veure les imatges a continuaci\u00f3, clicant a la seg\u00fcent fotografia:<\/p>\n<p><a href=\"https:\/\/photos.app.goo.gl\/whaw3BNH4JwPNC4p8\"><img loading=\"lazy\" decoding=\"async\" class=\"aligncenter\" src=\"https:\/\/lh3.googleusercontent.com\/dpEGj-Ag_eHprc1d1VDSPN8asrz2eTAPUPQLo-z78UhqkC8eJfkB9PaCjfVoyl-bzyVF9mcU-RSqaTQVqseG91hIjl61uK4yCHJCOWUlzHPpJXQ5r4WEqJsnnTshXof_UsOG-ve0IvAMwZiESJt6tOAZ-PXx_SQwnXNiig1siN4S-09JDMAmtdYGOvXzc-VBKtRe2g71aqsllB5rzeCeQqYvv54z_uFNJaxUDNbEzQO3rnD9ibOlbi6fd37LRNhdZ39-YBq-4U-vIYr9UdrVfH3cErijCdZc77efnxQbX5qHWerpUp_ed0kByzIHosbdVrkE89y6VLE5RKnaXZJsyuqYEhkVRw6a2uG3H6LZ9VTNhrAXmiP_qEdVg2sMjj1tl1Q0nrfHM-DN6EO523Qcm1TowGgn6TOow4W450zd6Aw1Os3dtQJyrzbgXA3fzuwVoqMGDnmbkIITdDp_lfAKjbANgZT6d7y5mzgU43X2sxsdn_aUBC3bsnpoDqysEHz3ems7BJpgjsXmORp0W5ZUQZf0ys5sh2z-XJL9hF91hrtq1e0a_cwb48KWQiRtoxkuVDuOuQ7pkz2MuUUy-reuRJA5nsBRvjBWnKJJa6rhlk8Ir-y7WJQhrD4MvBLFqZt95XMihD-U3rvLa9n6wAgIF67QrkpPoJlS2SlVObPylCtBiac5OdZBAcsVI84LlBzRnrry3CaLMMqLF56NHgrvPgDA5PUCM1b8Sb3lr42wOC1k-7Ut=w876-h657-no\" width=\"346\" height=\"259\" \/><\/a><\/p>\n","protected":false},"excerpt":{"rendered":"<p>Aquest passat dimecres 11 de mar\u00e7 els i les alumnes de 5\u00e8 vam anar al Kursaal. Per\u00f2 no vam assistir a una obra de teatre ni a un concert, sin\u00f3 que vam anar a veure com \u00e9s el teatre per dins.<br \/>\nVam aprendre un munt de&hellip;  <a href=\"https:\/\/agora.xtec.cat\/ceipparealgue\/portada\/coneixem-com-es-el-kursaal-per-dins\/\" title=\"Read CONEIXEM COM \u00c9S EL KURSAAL PER DINS\">Llegeix m\u00e9s\u00bb<\/a><\/p>\n","protected":false},"author":1,"featured_media":0,"comment_status":"open","ping_status":"closed","sticky":false,"template":"","format":"standard","meta":{"_bbp_topic_count":0,"_bbp_reply_count":0,"_bbp_total_topic_count":0,"_bbp_total_reply_count":0,"_bbp_voice_count":0,"_bbp_anonymous_reply_count":0,"_bbp_topic_count_hidden":0,"_bbp_reply_count_hidden":0,"_bbp_forum_subforum_count":0,"footnotes":""},"categories":[4],"tags":[],"class_list":["post-2424","post","type-post","status-publish","format-standard","hentry","category-portada"],"post_mailing_queue_ids":[],"_links":{"self":[{"href":"https:\/\/agora.xtec.cat\/ceipparealgue\/wp-json\/wp\/v2\/posts\/2424","targetHints":{"allow":["GET"]}}],"collection":[{"href":"https:\/\/agora.xtec.cat\/ceipparealgue\/wp-json\/wp\/v2\/posts"}],"about":[{"href":"https:\/\/agora.xtec.cat\/ceipparealgue\/wp-json\/wp\/v2\/types\/post"}],"author":[{"embeddable":true,"href":"https:\/\/agora.xtec.cat\/ceipparealgue\/wp-json\/wp\/v2\/users\/1"}],"replies":[{"embeddable":true,"href":"https:\/\/agora.xtec.cat\/ceipparealgue\/wp-json\/wp\/v2\/comments?post=2424"}],"version-history":[{"count":3,"href":"https:\/\/agora.xtec.cat\/ceipparealgue\/wp-json\/wp\/v2\/posts\/2424\/revisions"}],"predecessor-version":[{"id":2434,"href":"https:\/\/agora.xtec.cat\/ceipparealgue\/wp-json\/wp\/v2\/posts\/2424\/revisions\/2434"}],"wp:attachment":[{"href":"https:\/\/agora.xtec.cat\/ceipparealgue\/wp-json\/wp\/v2\/media?parent=2424"}],"wp:term":[{"taxonomy":"category","embeddable":true,"href":"https:\/\/agora.xtec.cat\/ceipparealgue\/wp-json\/wp\/v2\/categories?post=2424"},{"taxonomy":"post_tag","embeddable":true,"href":"https:\/\/agora.xtec.cat\/ceipparealgue\/wp-json\/wp\/v2\/tags?post=2424"}],"curies":[{"name":"wp","href":"https:\/\/api.w.org\/{rel}","templated":true}]}}