{"id":2363,"date":"2020-03-10T20:15:31","date_gmt":"2020-03-10T19:15:31","guid":{"rendered":"https:\/\/agora.xtec.cat\/ceipparealgue\/?p=2363"},"modified":"2024-01-17T10:24:45","modified_gmt":"2024-01-17T09:24:45","slug":"projecte-sobre-lescola","status":"publish","type":"post","link":"https:\/\/agora.xtec.cat\/ceipparealgue\/general\/projecte-sobre-lescola\/","title":{"rendered":"PROJECTE SOBRE L&#8217;ESCOLA"},"content":{"rendered":"<p style=\"text-align: justify;\">Els nens i les nenes de primer ja hem acabat el projecte que est\u00e0vem fent a medi sobre l&#8217;escola, i com a cloenda hem invitat a l&#8217;Eduard, el conserge, per a qu\u00e8 ens expliqu\u00e9s quina feines fa a l&#8217;escola. Ens ha explicat un munt de coses perqu\u00e8 a m\u00e9s a m\u00e9s ell havia estat alumne de l&#8217;escola quan era petit. Hem passat una estona ben divertida i entrentinguts!<\/p>\n<p style=\"text-align: justify;\"><a href=\"https:\/\/agora.xtec.cat\/ceipparealgue\/wp-content\/uploads\/usu157\/2020\/03\/20200214_1511281-p.-escola-2.jpg\"><img loading=\"lazy\" decoding=\"async\" class=\"wp-image-2384 aligncenter\" src=\"https:\/\/agora.xtec.cat\/ceipparealgue\/wp-content\/uploads\/usu157\/2020\/03\/20200214_1511281-p.-escola-2.jpg\" alt=\"\" width=\"473\" height=\"266\" srcset=\"https:\/\/agora.xtec.cat\/ceipparealgue\/wp-content\/uploads\/usu157\/2020\/03\/20200214_1511281-p.-escola-2.jpg 638w, https:\/\/agora.xtec.cat\/ceipparealgue\/wp-content\/uploads\/usu157\/2020\/03\/20200214_1511281-p.-escola-2-300x169.jpg 300w\" sizes=\"auto, (max-width: 473px) 100vw, 473px\" \/><\/a><\/p>\n","protected":false},"excerpt":{"rendered":"<p>Els nens i les nenes de primer ja hem acabat el projecte que est\u00e0vem fent a medi sobre l&#8217;escola, i com a cloenda hem invitat a l&#8217;Eduard, el conserge, per a qu\u00e8 ens expliqu\u00e9s quina feines fa a l&#8217;escola. Ens ha explicat un munt de&hellip;  <a href=\"https:\/\/agora.xtec.cat\/ceipparealgue\/general\/projecte-sobre-lescola\/\" title=\"Read PROJECTE SOBRE L&#8217;ESCOLA\">Llegeix m\u00e9s\u00bb<\/a><\/p>\n","protected":false},"author":1,"featured_media":0,"comment_status":"open","ping_status":"closed","sticky":false,"template":"","format":"standard","meta":{"_bbp_topic_count":0,"_bbp_reply_count":0,"_bbp_total_topic_count":0,"_bbp_total_reply_count":0,"_bbp_voice_count":0,"_bbp_anonymous_reply_count":0,"_bbp_topic_count_hidden":0,"_bbp_reply_count_hidden":0,"_bbp_forum_subforum_count":0,"footnotes":""},"categories":[1,4,10],"tags":[67],"class_list":["post-2363","post","type-post","status-publish","format-standard","hentry","category-general","category-portada","category-10","tag-projectes"],"post_mailing_queue_ids":[],"_links":{"self":[{"href":"https:\/\/agora.xtec.cat\/ceipparealgue\/wp-json\/wp\/v2\/posts\/2363","targetHints":{"allow":["GET"]}}],"collection":[{"href":"https:\/\/agora.xtec.cat\/ceipparealgue\/wp-json\/wp\/v2\/posts"}],"about":[{"href":"https:\/\/agora.xtec.cat\/ceipparealgue\/wp-json\/wp\/v2\/types\/post"}],"author":[{"embeddable":true,"href":"https:\/\/agora.xtec.cat\/ceipparealgue\/wp-json\/wp\/v2\/users\/1"}],"replies":[{"embeddable":true,"href":"https:\/\/agora.xtec.cat\/ceipparealgue\/wp-json\/wp\/v2\/comments?post=2363"}],"version-history":[{"count":3,"href":"https:\/\/agora.xtec.cat\/ceipparealgue\/wp-json\/wp\/v2\/posts\/2363\/revisions"}],"predecessor-version":[{"id":2387,"href":"https:\/\/agora.xtec.cat\/ceipparealgue\/wp-json\/wp\/v2\/posts\/2363\/revisions\/2387"}],"wp:attachment":[{"href":"https:\/\/agora.xtec.cat\/ceipparealgue\/wp-json\/wp\/v2\/media?parent=2363"}],"wp:term":[{"taxonomy":"category","embeddable":true,"href":"https:\/\/agora.xtec.cat\/ceipparealgue\/wp-json\/wp\/v2\/categories?post=2363"},{"taxonomy":"post_tag","embeddable":true,"href":"https:\/\/agora.xtec.cat\/ceipparealgue\/wp-json\/wp\/v2\/tags?post=2363"}],"curies":[{"name":"wp","href":"https:\/\/api.w.org\/{rel}","templated":true}]}}