{"id":2338,"date":"2020-03-01T12:48:36","date_gmt":"2020-03-01T11:48:36","guid":{"rendered":"https:\/\/agora.xtec.cat\/ceipparealgue\/?p=2338"},"modified":"2020-03-01T12:48:36","modified_gmt":"2020-03-01T11:48:36","slug":"cicle-mitja-anem-al-congost","status":"publish","type":"post","link":"https:\/\/agora.xtec.cat\/ceipparealgue\/portada\/cicle-mitja-anem-al-congost\/","title":{"rendered":"CICLE MITJ\u00c0 ANEM AL CONGOST"},"content":{"rendered":"<p>El divendres 27 de febrer els nens i les nenes de cicle mitj\u00e0 vam anar tot el mat\u00ed al Congost. Vam baixar a peu i quan vam arribar, v\u00e0rem esmorzar.<\/p>\n<p>Despr\u00e9s, els nens i les nenes de tercer vam fer gimn\u00e0stica art\u00edstica mentre que els nens i les nenes de quart van fer judo. Al cap d&#8217;una hora, vam intercanviar les activitats.<\/p>\n<p>Quan vam acabar, vam tornar a l&#8217;escola a peu.<\/p>\n<p>Ens ho vam passar molt b\u00e9 i vam poder gaudir molt d&#8217;aquestes dues modalitats d&#8217;esport.<\/p>\n<p>Podeu veure&#8217;n les fotografies i els v\u00eddeos, clicant a la seg\u00fcent imatge:<\/p>\n<p><a href=\"https:\/\/photos.app.goo.gl\/wJFX81rBYWMQ2uHH8\"><img loading=\"lazy\" decoding=\"async\" class=\"wp-image-2339 aligncenter\" src=\"https:\/\/agora.xtec.cat\/ceipparealgue\/wp-content\/uploads\/usu157\/2020\/03\/IMG_5715.jpg\" alt=\"\" width=\"599\" height=\"449\" srcset=\"https:\/\/agora.xtec.cat\/ceipparealgue\/wp-content\/uploads\/usu157\/2020\/03\/IMG_5715.jpg 1672w, https:\/\/agora.xtec.cat\/ceipparealgue\/wp-content\/uploads\/usu157\/2020\/03\/IMG_5715-300x225.jpg 300w, https:\/\/agora.xtec.cat\/ceipparealgue\/wp-content\/uploads\/usu157\/2020\/03\/IMG_5715-768x576.jpg 768w, https:\/\/agora.xtec.cat\/ceipparealgue\/wp-content\/uploads\/usu157\/2020\/03\/IMG_5715-1024x768.jpg 1024w, https:\/\/agora.xtec.cat\/ceipparealgue\/wp-content\/uploads\/usu157\/2020\/03\/IMG_5715-200x150.jpg 200w\" sizes=\"auto, (max-width: 599px) 100vw, 599px\" \/><\/a><\/p>\n","protected":false},"excerpt":{"rendered":"<p>El divendres 27 de febrer els nens i les nenes de cicle mitj\u00e0 vam anar tot el mat\u00ed al Congost. Vam baixar a peu i quan vam arribar, v\u00e0rem esmorzar.<br \/>\nDespr\u00e9s, els nens i les nenes de tercer vam fer gimn\u00e0stica art\u00edstica mentre que els nens&hellip;  <a href=\"https:\/\/agora.xtec.cat\/ceipparealgue\/portada\/cicle-mitja-anem-al-congost\/\" title=\"Read CICLE MITJ\u00c0 ANEM AL CONGOST\">Llegeix m\u00e9s\u00bb<\/a><\/p>\n","protected":false},"author":1,"featured_media":0,"comment_status":"open","ping_status":"closed","sticky":false,"template":"","format":"standard","meta":{"_bbp_topic_count":0,"_bbp_reply_count":0,"_bbp_total_topic_count":0,"_bbp_total_reply_count":0,"_bbp_voice_count":0,"_bbp_anonymous_reply_count":0,"_bbp_topic_count_hidden":0,"_bbp_reply_count_hidden":0,"_bbp_forum_subforum_count":0,"footnotes":""},"categories":[4,12,11],"tags":[],"class_list":["post-2338","post","type-post","status-publish","format-standard","hentry","category-portada","category-12","category-11"],"post_mailing_queue_ids":[],"_links":{"self":[{"href":"https:\/\/agora.xtec.cat\/ceipparealgue\/wp-json\/wp\/v2\/posts\/2338","targetHints":{"allow":["GET"]}}],"collection":[{"href":"https:\/\/agora.xtec.cat\/ceipparealgue\/wp-json\/wp\/v2\/posts"}],"about":[{"href":"https:\/\/agora.xtec.cat\/ceipparealgue\/wp-json\/wp\/v2\/types\/post"}],"author":[{"embeddable":true,"href":"https:\/\/agora.xtec.cat\/ceipparealgue\/wp-json\/wp\/v2\/users\/1"}],"replies":[{"embeddable":true,"href":"https:\/\/agora.xtec.cat\/ceipparealgue\/wp-json\/wp\/v2\/comments?post=2338"}],"version-history":[{"count":1,"href":"https:\/\/agora.xtec.cat\/ceipparealgue\/wp-json\/wp\/v2\/posts\/2338\/revisions"}],"predecessor-version":[{"id":2340,"href":"https:\/\/agora.xtec.cat\/ceipparealgue\/wp-json\/wp\/v2\/posts\/2338\/revisions\/2340"}],"wp:attachment":[{"href":"https:\/\/agora.xtec.cat\/ceipparealgue\/wp-json\/wp\/v2\/media?parent=2338"}],"wp:term":[{"taxonomy":"category","embeddable":true,"href":"https:\/\/agora.xtec.cat\/ceipparealgue\/wp-json\/wp\/v2\/categories?post=2338"},{"taxonomy":"post_tag","embeddable":true,"href":"https:\/\/agora.xtec.cat\/ceipparealgue\/wp-json\/wp\/v2\/tags?post=2338"}],"curies":[{"name":"wp","href":"https:\/\/api.w.org\/{rel}","templated":true}]}}