{"id":2239,"date":"2020-02-15T21:07:02","date_gmt":"2020-02-15T20:07:02","guid":{"rendered":"https:\/\/agora.xtec.cat\/ceipparealgue\/?p=2239"},"modified":"2020-02-15T21:29:09","modified_gmt":"2020-02-15T20:29:09","slug":"treballem-la-robotica-a-quart","status":"publish","type":"post","link":"https:\/\/agora.xtec.cat\/ceipparealgue\/portada\/treballem-la-robotica-a-quart\/","title":{"rendered":"TREBALLEM LA ROB\u00d2TICA A QUART"},"content":{"rendered":"<p>Els nens i les nenes de quart, al llarg d&#8217;aquest trimestre, estem treballant rob\u00f2tica a l&#8217;hora d&#8217;inform\u00e0tica. Per fer-ho, utilitzem el Lego WeDo 2.0. El curs passat ja hav\u00edem fet alguns projectes i aquest curs estem avan\u00e7ant una mica m\u00e9s.<\/p>\n<p>Ja ens comencem a animar a fer els nostres propis projectes i aix\u00f2 ens encanta!<\/p>\n<p>Anirem actualitzant les fotografies al llarg de les diverses sessions!<\/p>\n<p>Cliqueu la imatge per veure les fotografies:<\/p>\n<p><a href=\"https:\/\/photos.app.goo.gl\/g5gyrY8gEgGH2GUr7\"><img loading=\"lazy\" decoding=\"async\" class=\"size-large aligncenter\" src=\"https:\/\/lh3.googleusercontent.com\/HhMq32T4RUEwnPoDdabwPrP25Mo-K8n4C7_kE06lSfjLRZJSW7ppOx68DcD9cfN71Q2orxddJPkwQLFexegqnkN3uKrinl2-DuEETBXcU8ZZoBoDei2HX8-ra2MQfL32AmgJEtn72MMq3N7ACAdfGX12pbgqG7cehR4kpKf6GYp0SXehY-D663iTneEzKut99fcdoaLWugXhrTokh13CWke7M8-jFqAAM06WxS6vvCLnvr7-v1oFmXIjMLs5PyyWYnNp0VXrs0nbaknHwLukk3MKgWpkTlfms-1jBzeiEkYJDnz0_Q_F5xyEjAHcd-geMIfhKq_lJi8fNnkuZPKojqj_zBsahL-ppd-4WjrBHXpAgcjoRqv-cOuDv-GU3rQlUOrrxX7wKCOb9MMu3sMiBfJtil8Syd2lsUWMrw96sAauvlePy8nppVOBtoifVNDWvRxxFvGMCzGgX093aRw4nJmaFxCIIMxew-XhsDg5lpUCws2NucvcPtuPTFRVn3XNiKBjZDMENPu0RrWDnT5FplKYI6QEA_dCvXGuEFNRi6m9W8noe4iHNj9SWXD9wS6h-b4MDNUXKZMDCHqTJHEzj6r6cXGkHsjdoDKb-_uoPuRYX5lMiJGtwpJwSntUVn1IThaXGElGmw_yy8CCy0-tJSGmunpoZxwu0UBQF2_MsR-5M9asKE2G8zTqlxht3UDmHHKytWm7XtqUY8GDMfccqV2QXY-BJdb_ocMVaDvbEmzCsE0=w461-h346-no\" width=\"461\" height=\"346\" \/><\/a><\/p>\n","protected":false},"excerpt":{"rendered":"<p>Els nens i les nenes de quart, al llarg d&#8217;aquest trimestre, estem treballant rob\u00f2tica a l&#8217;hora d&#8217;inform\u00e0tica. Per fer-ho, utilitzem el Lego WeDo 2.0. El curs passat ja hav\u00edem fet alguns projectes i aquest curs estem avan\u00e7ant una mica m\u00e9s.<br \/>\nJa ens comencem a animar a&hellip;  <a href=\"https:\/\/agora.xtec.cat\/ceipparealgue\/portada\/treballem-la-robotica-a-quart\/\" title=\"Read TREBALLEM LA ROB\u00d2TICA A QUART\">Llegeix m\u00e9s\u00bb<\/a><\/p>\n","protected":false},"author":1,"featured_media":0,"comment_status":"open","ping_status":"closed","sticky":false,"template":"","format":"standard","meta":{"_bbp_topic_count":0,"_bbp_reply_count":0,"_bbp_total_topic_count":0,"_bbp_total_reply_count":0,"_bbp_voice_count":0,"_bbp_anonymous_reply_count":0,"_bbp_topic_count_hidden":0,"_bbp_reply_count_hidden":0,"_bbp_forum_subforum_count":0,"footnotes":""},"categories":[4,12],"tags":[],"class_list":["post-2239","post","type-post","status-publish","format-standard","hentry","category-portada","category-12"],"post_mailing_queue_ids":[],"_links":{"self":[{"href":"https:\/\/agora.xtec.cat\/ceipparealgue\/wp-json\/wp\/v2\/posts\/2239","targetHints":{"allow":["GET"]}}],"collection":[{"href":"https:\/\/agora.xtec.cat\/ceipparealgue\/wp-json\/wp\/v2\/posts"}],"about":[{"href":"https:\/\/agora.xtec.cat\/ceipparealgue\/wp-json\/wp\/v2\/types\/post"}],"author":[{"embeddable":true,"href":"https:\/\/agora.xtec.cat\/ceipparealgue\/wp-json\/wp\/v2\/users\/1"}],"replies":[{"embeddable":true,"href":"https:\/\/agora.xtec.cat\/ceipparealgue\/wp-json\/wp\/v2\/comments?post=2239"}],"version-history":[{"count":3,"href":"https:\/\/agora.xtec.cat\/ceipparealgue\/wp-json\/wp\/v2\/posts\/2239\/revisions"}],"predecessor-version":[{"id":2248,"href":"https:\/\/agora.xtec.cat\/ceipparealgue\/wp-json\/wp\/v2\/posts\/2239\/revisions\/2248"}],"wp:attachment":[{"href":"https:\/\/agora.xtec.cat\/ceipparealgue\/wp-json\/wp\/v2\/media?parent=2239"}],"wp:term":[{"taxonomy":"category","embeddable":true,"href":"https:\/\/agora.xtec.cat\/ceipparealgue\/wp-json\/wp\/v2\/categories?post=2239"},{"taxonomy":"post_tag","embeddable":true,"href":"https:\/\/agora.xtec.cat\/ceipparealgue\/wp-json\/wp\/v2\/tags?post=2239"}],"curies":[{"name":"wp","href":"https:\/\/api.w.org\/{rel}","templated":true}]}}