{"id":2194,"date":"2020-02-14T11:41:35","date_gmt":"2020-02-14T10:41:35","guid":{"rendered":"https:\/\/agora.xtec.cat\/ceipparealgue\/?p=2194"},"modified":"2024-01-17T10:25:09","modified_gmt":"2024-01-17T09:25:09","slug":"gimnastica-ritmica-a-lateneu","status":"publish","type":"post","link":"https:\/\/agora.xtec.cat\/ceipparealgue\/portada\/gimnastica-ritmica-a-lateneu\/","title":{"rendered":"ELS NENS I LES NENES DE PRIMER FENT GIMN\u00c0STICA R\u00cdTMICA A L&#8217;ATENEU!"},"content":{"rendered":"<p>Com hem gaudit fent gimn\u00e0stica r\u00edtmica a l&#8217;Ateneu!<\/p>\n<p>Ens han fet suar de valent utilitzant tots els aparells d&#8217;aquest esport. Ens hem divertit, hem apr\u00e8s molt i tamb\u00e9 ens hem cansat.<\/p>\n<p>Ara ja sabem totes les t\u00e8cniques de la gimn\u00e0stica r\u00edtmica. Tenim ganes de tornar a repetir!<\/p>\n<p>En podeu veure les fotografies clicant a la seg\u00fcent imatge:<\/p>\n<p><a href=\"https:\/\/photos.app.goo.gl\/VmHrnmCgoCm9ArmV9\"><img loading=\"lazy\" decoding=\"async\" class=\"alignnone size-large aligncenter\" src=\"https:\/\/lh3.googleusercontent.com\/7G384yyv7sK4dzR23kLpvTqgGhSGEj7SZ257k2m3nEp-koR8Vo5BhT5b9BfLR83HepZYAaIgIlkUNlMyJhihkj3TfrqrTqXz3A5YHmoBuV_C70uCf_433UJ7J9KYpCo2iG3RpQ8kDCG697xYjNEtDE7KlQxSrhFWgQIq3cpDeQaegyLKXzP15lgyl_3tDEKSBSCw96sWaVtxWrYFAMzewf0YutieaFSUUSARTCDaJpxuZfVLy7RXybgBtzuufqzcJ_jg0U4nysMrnHv03IXatPLrH6LxWDDw9cdoLSAVMCqhPrn8AMyXaXPgZ3wJQ1l34PU0T8TbuDBQd4PFrysB1WETocHb2R1H3kF3k-d4wAKjJabycAmbCW5lw9los0gtS823yEXXq8Z4Pf1IsCXx51gd-etUmYyS1-zrxJkF6hxuOTeTopttGwu-jj9bBqeDBQn6XtRf92hLbeHy6Px1813sDpTa_Z-GFobqcmdaGF6DiS1jEhQKmXjCzNMmpWnYbznnrIMtkZKmvPt-CVYmoV96xqZZeu5tLNmDdTCLlUW_eeDWDhXu6Run0zb3VQ3xok5DoL8vBoqtcXvMQhIJVK7g96lepcj1LzIAqbm8wVBLBbGz2k4_Uc7Ntfb8H77AwRWw98v8sO2_nIAkt6NtYTInfcx-oJz09ddbC4wIAdA2D7p6UJn5VSMjJ00K4yK-desEGbGxGHLWzNWHcHgu6FrkrSjIYKFLi5DX1FLUaoviKQ=w767-h410-no\" width=\"767\" height=\"410\" \/><\/a><\/p>\n<p>&nbsp;<\/p>\n","protected":false},"excerpt":{"rendered":"<p>Com hem gaudit fent gimn\u00e0stica r\u00edtmica a l&#8217;Ateneu!<br \/>\nEns han fet suar de valent utilitzant tots els aparells d&#8217;aquest esport. Ens hem divertit, hem apr\u00e8s molt i tamb\u00e9 ens hem cansat.<br \/>\nAra ja sabem totes les t\u00e8cniques de la gimn\u00e0stica r\u00edtmica. Tenim ganes de tornar a repetir!<br \/>\nEn&hellip;  <a href=\"https:\/\/agora.xtec.cat\/ceipparealgue\/portada\/gimnastica-ritmica-a-lateneu\/\" title=\"Read ELS NENS I LES NENES DE PRIMER FENT GIMN\u00c0STICA R\u00cdTMICA A L&#8217;ATENEU!\">Llegeix m\u00e9s\u00bb<\/a><\/p>\n","protected":false},"author":1,"featured_media":0,"comment_status":"open","ping_status":"closed","sticky":false,"template":"","format":"standard","meta":{"_bbp_topic_count":0,"_bbp_reply_count":0,"_bbp_total_topic_count":0,"_bbp_total_reply_count":0,"_bbp_voice_count":0,"_bbp_anonymous_reply_count":0,"_bbp_topic_count_hidden":0,"_bbp_reply_count_hidden":0,"_bbp_forum_subforum_count":0,"footnotes":""},"categories":[4,10],"tags":[],"class_list":["post-2194","post","type-post","status-publish","format-standard","hentry","category-portada","category-10"],"post_mailing_queue_ids":[],"_links":{"self":[{"href":"https:\/\/agora.xtec.cat\/ceipparealgue\/wp-json\/wp\/v2\/posts\/2194","targetHints":{"allow":["GET"]}}],"collection":[{"href":"https:\/\/agora.xtec.cat\/ceipparealgue\/wp-json\/wp\/v2\/posts"}],"about":[{"href":"https:\/\/agora.xtec.cat\/ceipparealgue\/wp-json\/wp\/v2\/types\/post"}],"author":[{"embeddable":true,"href":"https:\/\/agora.xtec.cat\/ceipparealgue\/wp-json\/wp\/v2\/users\/1"}],"replies":[{"embeddable":true,"href":"https:\/\/agora.xtec.cat\/ceipparealgue\/wp-json\/wp\/v2\/comments?post=2194"}],"version-history":[{"count":4,"href":"https:\/\/agora.xtec.cat\/ceipparealgue\/wp-json\/wp\/v2\/posts\/2194\/revisions"}],"predecessor-version":[{"id":2229,"href":"https:\/\/agora.xtec.cat\/ceipparealgue\/wp-json\/wp\/v2\/posts\/2194\/revisions\/2229"}],"wp:attachment":[{"href":"https:\/\/agora.xtec.cat\/ceipparealgue\/wp-json\/wp\/v2\/media?parent=2194"}],"wp:term":[{"taxonomy":"category","embeddable":true,"href":"https:\/\/agora.xtec.cat\/ceipparealgue\/wp-json\/wp\/v2\/categories?post=2194"},{"taxonomy":"post_tag","embeddable":true,"href":"https:\/\/agora.xtec.cat\/ceipparealgue\/wp-json\/wp\/v2\/tags?post=2194"}],"curies":[{"name":"wp","href":"https:\/\/api.w.org\/{rel}","templated":true}]}}