{"id":2183,"date":"2020-02-14T11:10:58","date_gmt":"2020-02-14T10:10:58","guid":{"rendered":"https:\/\/agora.xtec.cat\/ceipparealgue\/?p=2183"},"modified":"2024-01-17T10:25:26","modified_gmt":"2024-01-17T09:25:26","slug":"exposicio-rentat-les-dents","status":"publish","type":"post","link":"https:\/\/agora.xtec.cat\/ceipparealgue\/portada\/exposicio-rentat-les-dents\/","title":{"rendered":"EXPOSICI\u00d3 RENTA&#8217;T LES DENTS"},"content":{"rendered":"<p>El dia 30 de gener les nenes i els nens de 1r vam anar a l&#8217;exposici\u00f3 &#8220;Renta&#8217;t les dents&#8221;.<\/p>\n<p>Ens van ensenyar molt b\u00e9 la import\u00e0ncia de rentar b\u00e9 les dents i de tenir aquest bon h\u00e0bit higi\u00e8nic.<\/p>\n<p>Ens ho vam passar genial i despr\u00e9s ens van obsequiar amb un regalet molt \u00fatil: un raspall i pasta de dents.<\/p>\n<p>En podeu veure les fotografies clicant a la seg\u00fcent imatge:<\/p>\n<p><a href=\"https:\/\/photos.app.goo.gl\/bvsfjyyFBLq5Gfzx7\"><img loading=\"lazy\" decoding=\"async\" class=\"aligncenter\" src=\"https:\/\/lh3.googleusercontent.com\/HEjsgZbTfEsxUv-9W2zX4XVPVXrEh6zUb2YWdyUV3ucFEMxcV5CIlb8d_IO0Y89FUjZ87p3gR5QsgBODSszhGgdV0e42i0M1dH7ETdQkqGgMWJdwgVMyJT6ccfeNNMChNkHtI2R8jW6vsg1c8abxiiWoK_1OmwElbNIShLzSrpB3GgSmXiHadOFLRc_zomvtlvsclXapIBpSbZmxSSen12YINNH5HtJRbBAVZvK33SlUmRl8aWaZfvTyswuABYzQ7Zes9towMGIES-Jkzq8IQciGmPEhxLxX9QAWVSYZCFlFw4jQ4CSARyZDFMFKHHkCYaRbI1ntpDrudq6tQgF-FyFixpOpQRRQ0JCGvIgQRrLpdXmoSwDGNNhlOfhh7jjAa9E28NW_-Zr5Dv5IQjLXJ3kDVz5qn4oJd7JWlsGQEmkiscaq8Vbl8A4mGkVNoPB90286fuRvAx5OEgqhTjUhazKt2NcrkxECLRBbeUF0HSIzlYW9b5HMuD0CWJJw7M9yD6NSiwX6aBizn8_10w6tb9BNkJWc8AHN3VcQDAI3g2ido0BF0ejZ6W8Cc-mI871PP1lD4NNqvMuzzhTK_vGKE5xjUA2GE-zV056PMXhznYjNCWpcMtDM9D8RTyzVz4OI38kXZSViP_O0x-F1SVIyasYdnG6iwUN9bT3VEir5lgjN3fdBZC59gcFBd4_rNE2WFTzpqQcgtDpSdd5cf0nYxqU5ollw23u4k8D7IYat6t-KjA=w690-h920-no\" width=\"564\" height=\"752\" \/><\/a><\/p>\n<p>&nbsp;<\/p>\n<p>&nbsp;<\/p>\n<p>&nbsp;<\/p>\n","protected":false},"excerpt":{"rendered":"<p>El dia 30 de gener les nenes i els nens de 1r vam anar a l&#8217;exposici\u00f3 &#8220;Renta&#8217;t les dents&#8221;.<br \/>\nEns van ensenyar molt b\u00e9 la import\u00e0ncia de rentar b\u00e9 les dents i de tenir aquest bon h\u00e0bit higi\u00e8nic.<br \/>\nEns ho vam passar genial i despr\u00e9s ens van&hellip;  <a href=\"https:\/\/agora.xtec.cat\/ceipparealgue\/portada\/exposicio-rentat-les-dents\/\" title=\"Read EXPOSICI\u00d3 RENTA&#8217;T LES DENTS\">Llegeix m\u00e9s\u00bb<\/a><\/p>\n","protected":false},"author":1,"featured_media":0,"comment_status":"open","ping_status":"closed","sticky":false,"template":"","format":"standard","meta":{"_bbp_topic_count":0,"_bbp_reply_count":0,"_bbp_total_topic_count":0,"_bbp_total_reply_count":0,"_bbp_voice_count":0,"_bbp_anonymous_reply_count":0,"_bbp_topic_count_hidden":0,"_bbp_reply_count_hidden":0,"_bbp_forum_subforum_count":0,"footnotes":""},"categories":[4,10],"tags":[],"class_list":["post-2183","post","type-post","status-publish","format-standard","hentry","category-portada","category-10"],"post_mailing_queue_ids":[],"_links":{"self":[{"href":"https:\/\/agora.xtec.cat\/ceipparealgue\/wp-json\/wp\/v2\/posts\/2183","targetHints":{"allow":["GET"]}}],"collection":[{"href":"https:\/\/agora.xtec.cat\/ceipparealgue\/wp-json\/wp\/v2\/posts"}],"about":[{"href":"https:\/\/agora.xtec.cat\/ceipparealgue\/wp-json\/wp\/v2\/types\/post"}],"author":[{"embeddable":true,"href":"https:\/\/agora.xtec.cat\/ceipparealgue\/wp-json\/wp\/v2\/users\/1"}],"replies":[{"embeddable":true,"href":"https:\/\/agora.xtec.cat\/ceipparealgue\/wp-json\/wp\/v2\/comments?post=2183"}],"version-history":[{"count":3,"href":"https:\/\/agora.xtec.cat\/ceipparealgue\/wp-json\/wp\/v2\/posts\/2183\/revisions"}],"predecessor-version":[{"id":2244,"href":"https:\/\/agora.xtec.cat\/ceipparealgue\/wp-json\/wp\/v2\/posts\/2183\/revisions\/2244"}],"wp:attachment":[{"href":"https:\/\/agora.xtec.cat\/ceipparealgue\/wp-json\/wp\/v2\/media?parent=2183"}],"wp:term":[{"taxonomy":"category","embeddable":true,"href":"https:\/\/agora.xtec.cat\/ceipparealgue\/wp-json\/wp\/v2\/categories?post=2183"},{"taxonomy":"post_tag","embeddable":true,"href":"https:\/\/agora.xtec.cat\/ceipparealgue\/wp-json\/wp\/v2\/tags?post=2183"}],"curies":[{"name":"wp","href":"https:\/\/api.w.org\/{rel}","templated":true}]}}