{"id":2041,"date":"2020-02-04T10:36:35","date_gmt":"2020-02-04T09:36:35","guid":{"rendered":"https:\/\/agora.xtec.cat\/ceipparealgue\/?p=2041"},"modified":"2020-02-04T17:30:01","modified_gmt":"2020-02-04T16:30:01","slug":"visita-al-guillem-cata","status":"publish","type":"post","link":"https:\/\/agora.xtec.cat\/ceipparealgue\/portada\/visita-al-guillem-cata\/","title":{"rendered":"VISITA A L\u2019INSTITUT GUILLEM CAT\u00c0"},"content":{"rendered":"<p><span style=\"font-family: inherit; font-size: 1em;\">Els i les alumnes de sis\u00e8 A i sis\u00e8 B hem anat a visitar l&#8217;<\/span><span style=\"text-decoration: underline;\"><strong>institut Guillem Cat\u00e0.\u00a0<\/strong><\/span><\/p>\n<p>Hem vist l&#8217;institut per dins i ens han ensenyat algunes aules i projectes ben especials.<\/p>\n<p>En acabar hem compartit una estona de dansa amb els i les alumnes de primer d&#8217;ESO.<\/p>\n<p>Ha sigut molt emocionant retrobar-nos amb antics alumnes de l&#8217;escola.<\/p>\n<p>El<strong> final de la prim\u00e0ria s&#8217;acosta<\/strong>, i estem ben remoguts! <em>S&#8217;apoximen graaaaans canvis!<\/em><\/p>\n<p>Podeu veure algunes fotos clicant a la seg\u00fcent fotografia:<\/p>\n<p><a href=\"https:\/\/photos.app.goo.gl\/xbZovX7932YV3Wn36\"><img loading=\"lazy\" decoding=\"async\" class=\"size-full wp-image-2048\" src=\"https:\/\/agora.xtec.cat\/ceipparealgue\/wp-content\/uploads\/usu157\/2020\/02\/130FE5BD-A1E6-418A-8DBA-B56045953F75.jpeg\" alt=\"\" width=\"3968\" height=\"2240\" srcset=\"https:\/\/agora.xtec.cat\/ceipparealgue\/wp-content\/uploads\/usu157\/2020\/02\/130FE5BD-A1E6-418A-8DBA-B56045953F75.jpeg 3968w, https:\/\/agora.xtec.cat\/ceipparealgue\/wp-content\/uploads\/usu157\/2020\/02\/130FE5BD-A1E6-418A-8DBA-B56045953F75-300x169.jpeg 300w, https:\/\/agora.xtec.cat\/ceipparealgue\/wp-content\/uploads\/usu157\/2020\/02\/130FE5BD-A1E6-418A-8DBA-B56045953F75-768x434.jpeg 768w, https:\/\/agora.xtec.cat\/ceipparealgue\/wp-content\/uploads\/usu157\/2020\/02\/130FE5BD-A1E6-418A-8DBA-B56045953F75-1024x578.jpeg 1024w\" sizes=\"auto, (max-width: 3968px) 100vw, 3968px\" \/><\/a><\/p>\n","protected":false},"excerpt":{"rendered":"<p>Els i les alumnes de sis\u00e8 A i sis\u00e8 B hem anat a visitar l&#8217;institut Guillem Cat\u00e0.\u00a0<br \/>\nHem vist l&#8217;institut per dins i ens han ensenyat algunes aules i projectes ben especials.<br \/>\nEn acabar hem compartit una estona de dansa amb els i les alumnes de primer&hellip;  <a href=\"https:\/\/agora.xtec.cat\/ceipparealgue\/portada\/visita-al-guillem-cata\/\" title=\"Read VISITA A L\u2019INSTITUT GUILLEM CAT\u00c0\">Llegeix m\u00e9s\u00bb<\/a><\/p>\n","protected":false},"author":1,"featured_media":0,"comment_status":"open","ping_status":"closed","sticky":false,"template":"","format":"standard","meta":{"_bbp_topic_count":0,"_bbp_reply_count":0,"_bbp_total_topic_count":0,"_bbp_total_reply_count":0,"_bbp_voice_count":0,"_bbp_anonymous_reply_count":0,"_bbp_topic_count_hidden":0,"_bbp_reply_count_hidden":0,"_bbp_forum_subforum_count":0,"footnotes":""},"categories":[4,14,59],"tags":[],"class_list":["post-2041","post","type-post","status-publish","format-standard","hentry","category-portada","category-2008-a","category-2008-b"],"post_mailing_queue_ids":[],"_links":{"self":[{"href":"https:\/\/agora.xtec.cat\/ceipparealgue\/wp-json\/wp\/v2\/posts\/2041","targetHints":{"allow":["GET"]}}],"collection":[{"href":"https:\/\/agora.xtec.cat\/ceipparealgue\/wp-json\/wp\/v2\/posts"}],"about":[{"href":"https:\/\/agora.xtec.cat\/ceipparealgue\/wp-json\/wp\/v2\/types\/post"}],"author":[{"embeddable":true,"href":"https:\/\/agora.xtec.cat\/ceipparealgue\/wp-json\/wp\/v2\/users\/1"}],"replies":[{"embeddable":true,"href":"https:\/\/agora.xtec.cat\/ceipparealgue\/wp-json\/wp\/v2\/comments?post=2041"}],"version-history":[{"count":3,"href":"https:\/\/agora.xtec.cat\/ceipparealgue\/wp-json\/wp\/v2\/posts\/2041\/revisions"}],"predecessor-version":[{"id":2049,"href":"https:\/\/agora.xtec.cat\/ceipparealgue\/wp-json\/wp\/v2\/posts\/2041\/revisions\/2049"}],"wp:attachment":[{"href":"https:\/\/agora.xtec.cat\/ceipparealgue\/wp-json\/wp\/v2\/media?parent=2041"}],"wp:term":[{"taxonomy":"category","embeddable":true,"href":"https:\/\/agora.xtec.cat\/ceipparealgue\/wp-json\/wp\/v2\/categories?post=2041"},{"taxonomy":"post_tag","embeddable":true,"href":"https:\/\/agora.xtec.cat\/ceipparealgue\/wp-json\/wp\/v2\/tags?post=2041"}],"curies":[{"name":"wp","href":"https:\/\/api.w.org\/{rel}","templated":true}]}}