{"id":1966,"date":"2020-01-21T16:58:28","date_gmt":"2020-01-21T15:58:28","guid":{"rendered":"https:\/\/agora.xtec.cat\/ceipparealgue\/?p=1966"},"modified":"2020-01-21T20:24:04","modified_gmt":"2020-01-21T19:24:04","slug":"projecte-intergeneracional-amb-la-residencia-de-sant-andreu","status":"publish","type":"post","link":"https:\/\/agora.xtec.cat\/ceipparealgue\/portada\/projecte-intergeneracional-amb-la-residencia-de-sant-andreu\/","title":{"rendered":"PROJECTE INTERGENERACIONAL AMB LA RESID\u00c8NCIA DE SANT ANDREU"},"content":{"rendered":"<p>Avui dimarts 21 de gener, els nens i les nenes de 4t hem anat a jugar amb els avis de la resid\u00e8ncia de dia de Sant Andreu Salut. Ha sigut una activitat que ens ha agradat molt. Hem gaudit de bons moments amb els avis i, quan hav\u00edem de marxar, no vol\u00edem perqu\u00e8 ens ho est\u00e0vem passant molt b\u00e9.<\/p>\n<p>Aquesta activitat l&#8217;esper\u00e0vem amb moltes ganes perqu\u00e8 al principi de curs ja els vam escriure una carta i ells ens la van contestar. El mes de desembre hi van anar els nostres companys de tercer i nosaltres ja ten\u00edem ganes d&#8217;anar-hi i jugar amb ells.<\/p>\n<p>El mes de maig hi tornarem! Ja estem comptant els dies que falta per tornar-los a veure!<\/p>\n<p>Us deixem les fotografies d&#8217;avui clicant a la seg\u00fcent imatge:<\/p>\n<p><a href=\"https:\/\/photos.app.goo.gl\/D4hcyDFLbmZ6v7faA\"><img loading=\"lazy\" decoding=\"async\" class=\"alignnone size-full wp-image-1968\" src=\"https:\/\/agora.xtec.cat\/ceipparealgue\/wp-content\/uploads\/usu157\/2020\/01\/455E4942-6332-412C-AFDA-43846F128AE6.jpeg\" alt=\"\" width=\"1280\" height=\"960\" srcset=\"https:\/\/agora.xtec.cat\/ceipparealgue\/wp-content\/uploads\/usu157\/2020\/01\/455E4942-6332-412C-AFDA-43846F128AE6.jpeg 1280w, https:\/\/agora.xtec.cat\/ceipparealgue\/wp-content\/uploads\/usu157\/2020\/01\/455E4942-6332-412C-AFDA-43846F128AE6-300x225.jpeg 300w, https:\/\/agora.xtec.cat\/ceipparealgue\/wp-content\/uploads\/usu157\/2020\/01\/455E4942-6332-412C-AFDA-43846F128AE6-768x576.jpeg 768w, https:\/\/agora.xtec.cat\/ceipparealgue\/wp-content\/uploads\/usu157\/2020\/01\/455E4942-6332-412C-AFDA-43846F128AE6-1024x768.jpeg 1024w, https:\/\/agora.xtec.cat\/ceipparealgue\/wp-content\/uploads\/usu157\/2020\/01\/455E4942-6332-412C-AFDA-43846F128AE6-200x150.jpeg 200w\" sizes=\"auto, (max-width: 1280px) 100vw, 1280px\" \/><\/a><\/p>\n","protected":false},"excerpt":{"rendered":"<p>Avui dimarts 21 de gener, els nens i les nenes de 4t hem anat a jugar amb els avis de la resid\u00e8ncia de dia de Sant Andreu Salut. Ha sigut una activitat que ens ha agradat molt. Hem gaudit de bons moments amb els avis&hellip;  <a href=\"https:\/\/agora.xtec.cat\/ceipparealgue\/portada\/projecte-intergeneracional-amb-la-residencia-de-sant-andreu\/\" title=\"Read PROJECTE INTERGENERACIONAL AMB LA RESID\u00c8NCIA DE SANT ANDREU\">Llegeix m\u00e9s\u00bb<\/a><\/p>\n","protected":false},"author":1,"featured_media":0,"comment_status":"open","ping_status":"closed","sticky":false,"template":"","format":"standard","meta":{"_bbp_topic_count":0,"_bbp_reply_count":0,"_bbp_total_topic_count":0,"_bbp_total_reply_count":0,"_bbp_voice_count":0,"_bbp_anonymous_reply_count":0,"_bbp_topic_count_hidden":0,"_bbp_reply_count_hidden":0,"_bbp_forum_subforum_count":0,"footnotes":""},"categories":[4,12],"tags":[],"class_list":["post-1966","post","type-post","status-publish","format-standard","hentry","category-portada","category-12"],"post_mailing_queue_ids":[],"_links":{"self":[{"href":"https:\/\/agora.xtec.cat\/ceipparealgue\/wp-json\/wp\/v2\/posts\/1966","targetHints":{"allow":["GET"]}}],"collection":[{"href":"https:\/\/agora.xtec.cat\/ceipparealgue\/wp-json\/wp\/v2\/posts"}],"about":[{"href":"https:\/\/agora.xtec.cat\/ceipparealgue\/wp-json\/wp\/v2\/types\/post"}],"author":[{"embeddable":true,"href":"https:\/\/agora.xtec.cat\/ceipparealgue\/wp-json\/wp\/v2\/users\/1"}],"replies":[{"embeddable":true,"href":"https:\/\/agora.xtec.cat\/ceipparealgue\/wp-json\/wp\/v2\/comments?post=1966"}],"version-history":[{"count":2,"href":"https:\/\/agora.xtec.cat\/ceipparealgue\/wp-json\/wp\/v2\/posts\/1966\/revisions"}],"predecessor-version":[{"id":1969,"href":"https:\/\/agora.xtec.cat\/ceipparealgue\/wp-json\/wp\/v2\/posts\/1966\/revisions\/1969"}],"wp:attachment":[{"href":"https:\/\/agora.xtec.cat\/ceipparealgue\/wp-json\/wp\/v2\/media?parent=1966"}],"wp:term":[{"taxonomy":"category","embeddable":true,"href":"https:\/\/agora.xtec.cat\/ceipparealgue\/wp-json\/wp\/v2\/categories?post=1966"},{"taxonomy":"post_tag","embeddable":true,"href":"https:\/\/agora.xtec.cat\/ceipparealgue\/wp-json\/wp\/v2\/tags?post=1966"}],"curies":[{"name":"wp","href":"https:\/\/api.w.org\/{rel}","templated":true}]}}