{"id":1938,"date":"2020-01-17T12:42:56","date_gmt":"2020-01-17T11:42:56","guid":{"rendered":"https:\/\/agora.xtec.cat\/ceipparealgue\/?p=1938"},"modified":"2020-02-13T19:37:59","modified_gmt":"2020-02-13T18:37:59","slug":"apadrinaments-lectors","status":"publish","type":"post","link":"https:\/\/agora.xtec.cat\/ceipparealgue\/portada\/apadrinaments-lectors\/","title":{"rendered":"APADRINAMENTS LECTORS"},"content":{"rendered":"<p>Els i les alumnes del Cicle Superior hem comen\u00e7at amb els apadrinaments de lectura amb els petits de l&#8217;escola (P3, P4 i P5).<\/p>\n<p>Els expliquem contes i ens anem coneixent. Compartim una estona agradable i de calma.<\/p>\n<p>Anirem penjant les fotos d&#8217;aquestes estones de crear vincle i de gaudir de la lectura.<\/p>\n<p>Cliqueu l&#8217;imatge per veure&#8217;n les fotografies:<\/p>\n<p><a href=\"https:\/\/photos.app.goo.gl\/Zgak4hd5kgV2NsVF7\"><img loading=\"lazy\" decoding=\"async\" class=\"alignnone size-large\" src=\"https:\/\/lh3.googleusercontent.com\/-MqzD2tmb4mMou00DI04or52FBSucLfop2TBJM4Is3UMkEX9QJUwTHB4ct8Pj0cWsAMUftzZoWz1n08rWAUpO5b1qF7gJwPXpqNgdKTUiwevaMPi2DT2KqQsdgckkMeZvXC1fcd_Dv8l8TKxitsQlTWH2jh_Sz-hPC6kNzMVI7BFEcu-0qHHTwNxBP43SfSCWUDW6D-nA3D5ZvpnC7z9ceFCEJi8Y0lt5okaqNmXI7uKTZf7MjiAnMUEDZEEu3F8N-PKP6tRVO_13JiSpihxztaxhv7MPY7eYgqfCFjIhH6xmwIFip-AOQWq8gQHa9qX0nA2zJ6cqzkFgBzoN8N93zpzvhWwgjgx5xISWKaotIJqEufRomADS46ZsNg_HxjlaQoq7-FaY_PiokR62oOsqrQoc1SRbY39j3h2NgS6wImVPVpuSDWKLjFExn_XCh7TLuZmbuk0TdvdRuSrPvQmpxb5YicdXf4qVByhSKqc7qSvFGKH6Ibe4sOcK8taAwnlpv6YDbCYf8c8Cx2MNFcDyBIWf8qykaXRVngGwr_KM0MlVOjXIxMYlCfOR9ThoSKbbfuiwOs7XbZPgjevgolA7cvdiObHzMze9wB1sqYKTcYIEmTzhAde-2SnVMkQL6tqEu0yIPG4MdiRsFakxE0UIvmFf3GmirFnnbi91yZOeo76Bt4tEdMpSYEurCiXlQUpKAM0OtKKkGZzVORpLKGIbMFK3pvpLcn-JTePcUvbUEmFPuEt=w1024-h579-no\" width=\"1024\" height=\"578\" \/><\/a><\/p>\n<p>Aqu\u00ed podeu veure fotos del segon dia d&#8217;apadrinaments! Est\u00e0 sent una gran experi\u00e8ncia!<\/p>\n<p><a href=\"https:\/\/photos.app.goo.gl\/Ev2zDP3etGSEUuA97\"><img loading=\"lazy\" decoding=\"async\" class=\"alignnone size-large\" src=\"https:\/\/lh3.googleusercontent.com\/ULIEwIRJwHxLhrZRlD6M9l6q3eL1upP62lhbjIX-z9AYeob-GaUttP1LowuVtb6Ko_JjBfyaFF0FZcq2r5q5xOh1lRf0RY3sRjy8S4axt7ozcp7r8_i-lUNAp3voHhTyYvj0eeAcSw=w1440-h813-no\" width=\"1440\" height=\"813\" \/><\/a><\/p>\n<p><a href=\"https:\/\/photos.app.goo.gl\/6brwzs4QkK8mg8weA\">https:\/\/photos.app.goo.gl\/6brwzs4QkK8mg8weA<\/a><\/p>\n<p>&nbsp;<\/p>\n","protected":false},"excerpt":{"rendered":"<p>Els i les alumnes del Cicle Superior hem comen\u00e7at amb els apadrinaments de lectura amb els petits de l&#8217;escola (P3, P4 i P5).<br \/>\nEls expliquem contes i ens anem coneixent. Compartim una estona agradable i de calma.<br \/>\nAnirem penjant les fotos d&#8217;aquestes estones de crear vincle i&hellip;  <a href=\"https:\/\/agora.xtec.cat\/ceipparealgue\/portada\/apadrinaments-lectors\/\" title=\"Read APADRINAMENTS LECTORS\">Llegeix m\u00e9s\u00bb<\/a><\/p>\n","protected":false},"author":1,"featured_media":0,"comment_status":"open","ping_status":"closed","sticky":false,"template":"","format":"standard","meta":{"_bbp_topic_count":0,"_bbp_reply_count":0,"_bbp_total_topic_count":0,"_bbp_total_reply_count":0,"_bbp_voice_count":0,"_bbp_anonymous_reply_count":0,"_bbp_topic_count_hidden":0,"_bbp_reply_count_hidden":0,"_bbp_forum_subforum_count":0,"footnotes":""},"categories":[4,59],"tags":[],"class_list":["post-1938","post","type-post","status-publish","format-standard","hentry","category-portada","category-2008-b"],"post_mailing_queue_ids":[],"_links":{"self":[{"href":"https:\/\/agora.xtec.cat\/ceipparealgue\/wp-json\/wp\/v2\/posts\/1938","targetHints":{"allow":["GET"]}}],"collection":[{"href":"https:\/\/agora.xtec.cat\/ceipparealgue\/wp-json\/wp\/v2\/posts"}],"about":[{"href":"https:\/\/agora.xtec.cat\/ceipparealgue\/wp-json\/wp\/v2\/types\/post"}],"author":[{"embeddable":true,"href":"https:\/\/agora.xtec.cat\/ceipparealgue\/wp-json\/wp\/v2\/users\/1"}],"replies":[{"embeddable":true,"href":"https:\/\/agora.xtec.cat\/ceipparealgue\/wp-json\/wp\/v2\/comments?post=1938"}],"version-history":[{"count":4,"href":"https:\/\/agora.xtec.cat\/ceipparealgue\/wp-json\/wp\/v2\/posts\/1938\/revisions"}],"predecessor-version":[{"id":2182,"href":"https:\/\/agora.xtec.cat\/ceipparealgue\/wp-json\/wp\/v2\/posts\/1938\/revisions\/2182"}],"wp:attachment":[{"href":"https:\/\/agora.xtec.cat\/ceipparealgue\/wp-json\/wp\/v2\/media?parent=1938"}],"wp:term":[{"taxonomy":"category","embeddable":true,"href":"https:\/\/agora.xtec.cat\/ceipparealgue\/wp-json\/wp\/v2\/categories?post=1938"},{"taxonomy":"post_tag","embeddable":true,"href":"https:\/\/agora.xtec.cat\/ceipparealgue\/wp-json\/wp\/v2\/tags?post=1938"}],"curies":[{"name":"wp","href":"https:\/\/api.w.org\/{rel}","templated":true}]}}