{"id":1879,"date":"2019-12-20T22:41:43","date_gmt":"2019-12-20T21:41:43","guid":{"rendered":"https:\/\/agora.xtec.cat\/ceipparealgue\/?p=1879"},"modified":"2019-12-20T22:41:43","modified_gmt":"2019-12-20T21:41:43","slug":"activitats-de-nadal-a-lescola","status":"publish","type":"post","link":"https:\/\/agora.xtec.cat\/ceipparealgue\/infantil\/activitats-de-nadal-a-lescola\/","title":{"rendered":"ACTIVITATS DE NADAL A L&#8217;ESCOLA"},"content":{"rendered":"<p>Hola Fam\u00edlies,<\/p>\n<p>Aquesta setmana ha sigut molt intensa i, avui divendres 20 de desembre, hem acomiadat el primer trimestre d&#8217;aquest curs 2019-2020 amb diverses activitats a cada classe. Per tal de poder veure les diverses activitats realitzades aquests dies hem creat diversos \u00e0lbums de fotografies que podreu consultar a continuaci\u00f3. Nom\u00e9s heu de clicar a la classe dels vostres fills\/es.<\/p>\n<p><a href=\"https:\/\/photos.app.goo.gl\/vetx59TvDvimqPE18\">P3<\/a><\/p>\n<p><a href=\"https:\/\/photos.app.goo.gl\/4EzUyfRWLVt7Uure8\">P4<\/a><\/p>\n<p><a href=\"https:\/\/photos.app.goo.gl\/qtgxDomHXQTRGW9F7\">P5<\/a><\/p>\n<p><a href=\"https:\/\/photos.app.goo.gl\/m9pq22cwXrgoPEDx8\">PRIMER<\/a><\/p>\n<p><a href=\"https:\/\/photos.app.goo.gl\/Jxh7LAexQXM2SXBRA\">SEGON<\/a><\/p>\n<p><a href=\"https:\/\/photos.app.goo.gl\/SRafoxGdnA4Uge6g7\">TERCER<\/a><\/p>\n<p><a href=\"https:\/\/photos.app.goo.gl\/pgGdWNTMfYMakwxy8\">QUART<\/a><\/p>\n<p><a href=\"https:\/\/photos.app.goo.gl\/haS2hx8MdecMLLLh8\">CINQU\u00c8<\/a><\/p>\n<p><a href=\"https:\/\/photos.app.goo.gl\/Q74rq7Wu4WMu8zwX9\">SIS\u00c8 A<\/a><\/p>\n<p><a href=\"https:\/\/photos.app.goo.gl\/jHb6kCtGfEaPqUXL9\">SIS\u00c8 B<\/a><\/p>\n","protected":false},"excerpt":{"rendered":"<p>Hola Fam\u00edlies,<br \/>\nAquesta setmana ha sigut molt intensa i, avui divendres 20 de desembre, hem acomiadat el primer trimestre d&#8217;aquest curs 2019-2020 amb diverses activitats a cada classe. Per tal de poder veure les diverses activitats realitzades aquests dies hem creat diversos \u00e0lbums de fotografies que&hellip;  <a href=\"https:\/\/agora.xtec.cat\/ceipparealgue\/infantil\/activitats-de-nadal-a-lescola\/\" title=\"Read ACTIVITATS DE NADAL A L&#8217;ESCOLA\">Llegeix m\u00e9s\u00bb<\/a><\/p>\n","protected":false},"author":1,"featured_media":0,"comment_status":"open","ping_status":"closed","sticky":false,"template":"","format":"standard","meta":{"_bbp_topic_count":0,"_bbp_reply_count":0,"_bbp_total_topic_count":0,"_bbp_total_reply_count":0,"_bbp_voice_count":0,"_bbp_anonymous_reply_count":0,"_bbp_topic_count_hidden":0,"_bbp_reply_count_hidden":0,"_bbp_forum_subforum_count":0,"footnotes":""},"categories":[2,4,5,14,59,12,11,10,9,8,3,66],"tags":[],"class_list":["post-1879","post","type-post","status-publish","format-standard","hentry","category-infantil","category-portada","category-primaria","category-2008-a","category-2008-b","category-12","category-11","category-10","category-9","category-8","category-3","category-66"],"post_mailing_queue_ids":[],"_links":{"self":[{"href":"https:\/\/agora.xtec.cat\/ceipparealgue\/wp-json\/wp\/v2\/posts\/1879","targetHints":{"allow":["GET"]}}],"collection":[{"href":"https:\/\/agora.xtec.cat\/ceipparealgue\/wp-json\/wp\/v2\/posts"}],"about":[{"href":"https:\/\/agora.xtec.cat\/ceipparealgue\/wp-json\/wp\/v2\/types\/post"}],"author":[{"embeddable":true,"href":"https:\/\/agora.xtec.cat\/ceipparealgue\/wp-json\/wp\/v2\/users\/1"}],"replies":[{"embeddable":true,"href":"https:\/\/agora.xtec.cat\/ceipparealgue\/wp-json\/wp\/v2\/comments?post=1879"}],"version-history":[{"count":1,"href":"https:\/\/agora.xtec.cat\/ceipparealgue\/wp-json\/wp\/v2\/posts\/1879\/revisions"}],"predecessor-version":[{"id":1880,"href":"https:\/\/agora.xtec.cat\/ceipparealgue\/wp-json\/wp\/v2\/posts\/1879\/revisions\/1880"}],"wp:attachment":[{"href":"https:\/\/agora.xtec.cat\/ceipparealgue\/wp-json\/wp\/v2\/media?parent=1879"}],"wp:term":[{"taxonomy":"category","embeddable":true,"href":"https:\/\/agora.xtec.cat\/ceipparealgue\/wp-json\/wp\/v2\/categories?post=1879"},{"taxonomy":"post_tag","embeddable":true,"href":"https:\/\/agora.xtec.cat\/ceipparealgue\/wp-json\/wp\/v2\/tags?post=1879"}],"curies":[{"name":"wp","href":"https:\/\/api.w.org\/{rel}","templated":true}]}}