{"id":1654,"date":"2019-11-23T13:04:03","date_gmt":"2019-11-23T12:04:03","guid":{"rendered":"https:\/\/agora.xtec.cat\/ceipparealgue\/?p=1654"},"modified":"2019-11-23T13:04:03","modified_gmt":"2019-11-23T12:04:03","slug":"treballem-lexpressio-oral-amb-la-creacio-de-dialegs","status":"publish","type":"post","link":"https:\/\/agora.xtec.cat\/ceipparealgue\/portada\/treballem-lexpressio-oral-amb-la-creacio-de-dialegs\/","title":{"rendered":"TREBALLEM L&#8217;EXPRESSI\u00d3 ORAL AMB LA CREACI\u00d3 DE DI\u00c0LEGS"},"content":{"rendered":"<p>Els nens i les nenes de quart aquesta setmana hem estat treballant la comprensi\u00f3 i l&#8217;expressi\u00f3 oral a l&#8217;aula. Hem apr\u00e8s que sempre ens estem comunicant i que \u00e9s molt important fer-nos entendre per tal de poder establir una bona comunicaci\u00f3. Tamb\u00e9 hem treballat algunes f\u00f3rmules de cortesia, ja que no \u00e9s el mateix parlar amb una persona que no coneixem que amb un amic nostre.<\/p>\n<p>En podeu veure algunes fotografies i v\u00eddeos clicant a la seg\u00fcent imatge:<\/p>\n<p><a href=\"https:\/\/photos.app.goo.gl\/kzLPyEcArxNJyyxY9\"><img loading=\"lazy\" decoding=\"async\" class=\"wp-image-1655 aligncenter\" src=\"https:\/\/agora.xtec.cat\/ceipparealgue\/wp-content\/uploads\/usu157\/2019\/11\/Braek-Jaouahara-e1574510588522.png\" alt=\"\" width=\"687\" height=\"313\" srcset=\"https:\/\/agora.xtec.cat\/ceipparealgue\/wp-content\/uploads\/usu157\/2019\/11\/Braek-Jaouahara-e1574510588522.png 1314w, https:\/\/agora.xtec.cat\/ceipparealgue\/wp-content\/uploads\/usu157\/2019\/11\/Braek-Jaouahara-e1574510588522-300x137.png 300w, https:\/\/agora.xtec.cat\/ceipparealgue\/wp-content\/uploads\/usu157\/2019\/11\/Braek-Jaouahara-e1574510588522-768x350.png 768w, https:\/\/agora.xtec.cat\/ceipparealgue\/wp-content\/uploads\/usu157\/2019\/11\/Braek-Jaouahara-e1574510588522-1024x467.png 1024w\" sizes=\"auto, (max-width: 687px) 100vw, 687px\" \/><\/a><\/p>\n","protected":false},"excerpt":{"rendered":"<p>Els nens i les nenes de quart aquesta setmana hem estat treballant la comprensi\u00f3 i l&#8217;expressi\u00f3 oral a l&#8217;aula. Hem apr\u00e8s que sempre ens estem comunicant i que \u00e9s molt important fer-nos entendre per tal de poder establir una bona comunicaci\u00f3. Tamb\u00e9 hem treballat algunes&hellip;  <a href=\"https:\/\/agora.xtec.cat\/ceipparealgue\/portada\/treballem-lexpressio-oral-amb-la-creacio-de-dialegs\/\" title=\"Read TREBALLEM L&#8217;EXPRESSI\u00d3 ORAL AMB LA CREACI\u00d3 DE DI\u00c0LEGS\">Llegeix m\u00e9s\u00bb<\/a><\/p>\n","protected":false},"author":1,"featured_media":0,"comment_status":"open","ping_status":"closed","sticky":false,"template":"","format":"standard","meta":{"_bbp_topic_count":0,"_bbp_reply_count":0,"_bbp_total_topic_count":0,"_bbp_total_reply_count":0,"_bbp_voice_count":0,"_bbp_anonymous_reply_count":0,"_bbp_topic_count_hidden":0,"_bbp_reply_count_hidden":0,"_bbp_forum_subforum_count":0,"footnotes":""},"categories":[4,12],"tags":[],"class_list":["post-1654","post","type-post","status-publish","format-standard","hentry","category-portada","category-12"],"post_mailing_queue_ids":[],"_links":{"self":[{"href":"https:\/\/agora.xtec.cat\/ceipparealgue\/wp-json\/wp\/v2\/posts\/1654","targetHints":{"allow":["GET"]}}],"collection":[{"href":"https:\/\/agora.xtec.cat\/ceipparealgue\/wp-json\/wp\/v2\/posts"}],"about":[{"href":"https:\/\/agora.xtec.cat\/ceipparealgue\/wp-json\/wp\/v2\/types\/post"}],"author":[{"embeddable":true,"href":"https:\/\/agora.xtec.cat\/ceipparealgue\/wp-json\/wp\/v2\/users\/1"}],"replies":[{"embeddable":true,"href":"https:\/\/agora.xtec.cat\/ceipparealgue\/wp-json\/wp\/v2\/comments?post=1654"}],"version-history":[{"count":1,"href":"https:\/\/agora.xtec.cat\/ceipparealgue\/wp-json\/wp\/v2\/posts\/1654\/revisions"}],"predecessor-version":[{"id":1656,"href":"https:\/\/agora.xtec.cat\/ceipparealgue\/wp-json\/wp\/v2\/posts\/1654\/revisions\/1656"}],"wp:attachment":[{"href":"https:\/\/agora.xtec.cat\/ceipparealgue\/wp-json\/wp\/v2\/media?parent=1654"}],"wp:term":[{"taxonomy":"category","embeddable":true,"href":"https:\/\/agora.xtec.cat\/ceipparealgue\/wp-json\/wp\/v2\/categories?post=1654"},{"taxonomy":"post_tag","embeddable":true,"href":"https:\/\/agora.xtec.cat\/ceipparealgue\/wp-json\/wp\/v2\/tags?post=1654"}],"curies":[{"name":"wp","href":"https:\/\/api.w.org\/{rel}","templated":true}]}}