{"id":1618,"date":"2019-11-18T15:58:02","date_gmt":"2019-11-18T14:58:02","guid":{"rendered":"https:\/\/agora.xtec.cat\/ceipparealgue\/?p=1618"},"modified":"2019-11-18T21:52:24","modified_gmt":"2019-11-18T20:52:24","slug":"taller-de-la-prehistoria","status":"publish","type":"post","link":"https:\/\/agora.xtec.cat\/ceipparealgue\/portada\/taller-de-la-prehistoria\/","title":{"rendered":"TALLER DE LA PREHIST\u00d2RIA A CICLE SUPERIOR"},"content":{"rendered":"<p>Els i les alumnes de Cicle Superior hem gaudit d&#8217;un fant\u00e0stic taller sobre la Prehist\u00f2ria. Han dut uns materials molt realistes i interessants i hem pogut investigar com si f\u00f3ssim aut\u00e8ntics arque\u00f2legs!<\/p>\n<p>Entreu a veure les fotografies!<\/p>\n<p><a href=\"https:\/\/photos.google.com\/share\/AF1QipNDcGxbe4kISFg_zLzG2BxW713SdiPuCZZuTV48kRVVaCT2InZERvC5g-zmf9FO_A?key=Y0VfU2hucGFoS3pXbzlzR0kzYW5TRDVsUWpWSDdR\">Fotografies de 5\u00e8<\/a><\/p>\n<p><a href=\"https:\/\/photos.app.goo.gl\/Y6pn9BBeAePyA3an9\">Fotografies de 6\u00e8 A<\/a><\/p>\n<p><a href=\"https:\/\/photos.app.goo.gl\/2cbkdKTmcssHrd6F6\">Fotografies de 6\u00e8 B<\/a><\/p>\n<p>&nbsp;<\/p>\n","protected":false},"excerpt":{"rendered":"<p>Els i les alumnes de Cicle Superior hem gaudit d&#8217;un fant\u00e0stic taller sobre la Prehist\u00f2ria. Han dut uns materials molt realistes i interessants i hem pogut investigar com si f\u00f3ssim aut\u00e8ntics arque\u00f2legs!<br \/>\nEntreu a veure les fotografies!<br \/>\n<a href=\"https:\/\/photos.google.com\/share\/AF1QipNDcGxbe4kISFg_zLzG2BxW713SdiPuCZZuTV48kRVVaCT2InZERvC5g-zmf9FO_A?key=Y0VfU2hucGFoS3pXbzlzR0kzYW5TRDVsUWpWSDdR\">Fotografies de 5\u00e8<\/a><br \/>\n<a href=\"https:\/\/photos.app.goo.gl\/Y6pn9BBeAePyA3an9\">Fotografies de 6\u00e8 A<\/a><br \/>\n<a href=\"https:\/\/photos.app.goo.gl\/2cbkdKTmcssHrd6F6\">Fotografies de&hellip;  <a href=\"https:\/\/agora.xtec.cat\/ceipparealgue\/portada\/taller-de-la-prehistoria\/\" title=\"Read TALLER DE LA PREHIST\u00d2RIA A CICLE SUPERIOR\">Llegeix m\u00e9s\u00bb<\/a><\/p>\n","protected":false},"author":1,"featured_media":0,"comment_status":"open","ping_status":"closed","sticky":false,"template":"","format":"standard","meta":{"_bbp_topic_count":0,"_bbp_reply_count":0,"_bbp_total_topic_count":0,"_bbp_total_reply_count":0,"_bbp_voice_count":0,"_bbp_anonymous_reply_count":0,"_bbp_topic_count_hidden":0,"_bbp_reply_count_hidden":0,"_bbp_forum_subforum_count":0,"footnotes":""},"categories":[4,14,59],"tags":[],"class_list":["post-1618","post","type-post","status-publish","format-standard","hentry","category-portada","category-2008-a","category-2008-b"],"post_mailing_queue_ids":[],"_links":{"self":[{"href":"https:\/\/agora.xtec.cat\/ceipparealgue\/wp-json\/wp\/v2\/posts\/1618","targetHints":{"allow":["GET"]}}],"collection":[{"href":"https:\/\/agora.xtec.cat\/ceipparealgue\/wp-json\/wp\/v2\/posts"}],"about":[{"href":"https:\/\/agora.xtec.cat\/ceipparealgue\/wp-json\/wp\/v2\/types\/post"}],"author":[{"embeddable":true,"href":"https:\/\/agora.xtec.cat\/ceipparealgue\/wp-json\/wp\/v2\/users\/1"}],"replies":[{"embeddable":true,"href":"https:\/\/agora.xtec.cat\/ceipparealgue\/wp-json\/wp\/v2\/comments?post=1618"}],"version-history":[{"count":3,"href":"https:\/\/agora.xtec.cat\/ceipparealgue\/wp-json\/wp\/v2\/posts\/1618\/revisions"}],"predecessor-version":[{"id":1638,"href":"https:\/\/agora.xtec.cat\/ceipparealgue\/wp-json\/wp\/v2\/posts\/1618\/revisions\/1638"}],"wp:attachment":[{"href":"https:\/\/agora.xtec.cat\/ceipparealgue\/wp-json\/wp\/v2\/media?parent=1618"}],"wp:term":[{"taxonomy":"category","embeddable":true,"href":"https:\/\/agora.xtec.cat\/ceipparealgue\/wp-json\/wp\/v2\/categories?post=1618"},{"taxonomy":"post_tag","embeddable":true,"href":"https:\/\/agora.xtec.cat\/ceipparealgue\/wp-json\/wp\/v2\/tags?post=1618"}],"curies":[{"name":"wp","href":"https:\/\/api.w.org\/{rel}","templated":true}]}}