{"id":1506,"date":"2019-10-28T20:59:30","date_gmt":"2019-10-28T19:59:30","guid":{"rendered":"https:\/\/agora.xtec.cat\/ceipparealgue\/?p=1506"},"modified":"2019-10-28T21:31:23","modified_gmt":"2019-10-28T20:31:23","slug":"gracies-per-la-col%c2%b7laboracio","status":"publish","type":"post","link":"https:\/\/agora.xtec.cat\/ceipparealgue\/primaria\/2016\/gracies-per-la-col%c2%b7laboracio\/","title":{"rendered":"GR\u00c0CIES PER LA COL\u00b7LABORACI\u00d3"},"content":{"rendered":"<p>Des de l&#8217;escola volem donar les gr\u00e0cies a totes les fam\u00edlies que heu vingut avui a ajudar-nos en els preparatius de la Festa de la Castanyada. Hem pogut tallar les castanyes i posar-les, ja cuites, a les paperines.<\/p>\n<p>Els nens i les nenes han pogut celebrar aquesta festa tan esperada!<\/p>\n<p>Moltes gr\u00e0cies!<\/p>\n<p><a href=\"https:\/\/agora.xtec.cat\/ceipparealgue\/wp-content\/uploads\/usu157\/2019\/10\/WhatsApp-Image-2019-10-28-at-09.36.17-COLLAGE.jpg\"><img loading=\"lazy\" decoding=\"async\" class=\"wp-image-1507 aligncenter\" src=\"https:\/\/agora.xtec.cat\/ceipparealgue\/wp-content\/uploads\/usu157\/2019\/10\/WhatsApp-Image-2019-10-28-at-09.36.17-COLLAGE.jpg\" alt=\"\" width=\"502\" height=\"502\" srcset=\"https:\/\/agora.xtec.cat\/ceipparealgue\/wp-content\/uploads\/usu157\/2019\/10\/WhatsApp-Image-2019-10-28-at-09.36.17-COLLAGE.jpg 1620w, https:\/\/agora.xtec.cat\/ceipparealgue\/wp-content\/uploads\/usu157\/2019\/10\/WhatsApp-Image-2019-10-28-at-09.36.17-COLLAGE-150x150.jpg 150w, https:\/\/agora.xtec.cat\/ceipparealgue\/wp-content\/uploads\/usu157\/2019\/10\/WhatsApp-Image-2019-10-28-at-09.36.17-COLLAGE-300x300.jpg 300w, https:\/\/agora.xtec.cat\/ceipparealgue\/wp-content\/uploads\/usu157\/2019\/10\/WhatsApp-Image-2019-10-28-at-09.36.17-COLLAGE-768x768.jpg 768w, https:\/\/agora.xtec.cat\/ceipparealgue\/wp-content\/uploads\/usu157\/2019\/10\/WhatsApp-Image-2019-10-28-at-09.36.17-COLLAGE-1024x1024.jpg 1024w\" sizes=\"auto, (max-width: 502px) 100vw, 502px\" \/><\/a><\/p>\n","protected":false},"excerpt":{"rendered":"<p>Des de l&#8217;escola volem donar les gr\u00e0cies a totes les fam\u00edlies que heu vingut avui a ajudar-nos en els preparatius de la Festa de la Castanyada. Hem pogut tallar les castanyes i posar-les, ja cuites, a les paperines.<br \/>\nEls nens i les nenes han pogut celebrar&hellip;  <a href=\"https:\/\/agora.xtec.cat\/ceipparealgue\/primaria\/2016\/gracies-per-la-col%c2%b7laboracio\/\" title=\"Read GR\u00c0CIES PER LA COL\u00b7LABORACI\u00d3\">Llegeix m\u00e9s\u00bb<\/a><\/p>\n","protected":false},"author":1,"featured_media":0,"comment_status":"open","ping_status":"closed","sticky":false,"template":"","format":"standard","meta":{"_bbp_topic_count":0,"_bbp_reply_count":0,"_bbp_total_topic_count":0,"_bbp_total_reply_count":0,"_bbp_voice_count":0,"_bbp_anonymous_reply_count":0,"_bbp_topic_count_hidden":0,"_bbp_reply_count_hidden":0,"_bbp_forum_subforum_count":0,"footnotes":""},"categories":[7,4,14,59,12,11,10,9,8,3,66],"tags":[],"class_list":["post-1506","post","type-post","status-publish","format-standard","hentry","category-ampa","category-portada","category-2008-a","category-2008-b","category-12","category-11","category-10","category-9","category-8","category-3","category-66"],"post_mailing_queue_ids":[],"_links":{"self":[{"href":"https:\/\/agora.xtec.cat\/ceipparealgue\/wp-json\/wp\/v2\/posts\/1506","targetHints":{"allow":["GET"]}}],"collection":[{"href":"https:\/\/agora.xtec.cat\/ceipparealgue\/wp-json\/wp\/v2\/posts"}],"about":[{"href":"https:\/\/agora.xtec.cat\/ceipparealgue\/wp-json\/wp\/v2\/types\/post"}],"author":[{"embeddable":true,"href":"https:\/\/agora.xtec.cat\/ceipparealgue\/wp-json\/wp\/v2\/users\/1"}],"replies":[{"embeddable":true,"href":"https:\/\/agora.xtec.cat\/ceipparealgue\/wp-json\/wp\/v2\/comments?post=1506"}],"version-history":[{"count":3,"href":"https:\/\/agora.xtec.cat\/ceipparealgue\/wp-json\/wp\/v2\/posts\/1506\/revisions"}],"predecessor-version":[{"id":1511,"href":"https:\/\/agora.xtec.cat\/ceipparealgue\/wp-json\/wp\/v2\/posts\/1506\/revisions\/1511"}],"wp:attachment":[{"href":"https:\/\/agora.xtec.cat\/ceipparealgue\/wp-json\/wp\/v2\/media?parent=1506"}],"wp:term":[{"taxonomy":"category","embeddable":true,"href":"https:\/\/agora.xtec.cat\/ceipparealgue\/wp-json\/wp\/v2\/categories?post=1506"},{"taxonomy":"post_tag","embeddable":true,"href":"https:\/\/agora.xtec.cat\/ceipparealgue\/wp-json\/wp\/v2\/tags?post=1506"}],"curies":[{"name":"wp","href":"https:\/\/api.w.org\/{rel}","templated":true}]}}