{"id":1416,"date":"2019-10-12T15:18:01","date_gmt":"2019-10-12T13:18:01","guid":{"rendered":"https:\/\/agora.xtec.cat\/ceipparealgue\/?p=1416"},"modified":"2024-01-17T11:12:51","modified_gmt":"2024-01-17T10:12:51","slug":"3r-sortida-a-la-culla-la-vinya-i-el-vi","status":"publish","type":"post","link":"https:\/\/agora.xtec.cat\/ceipparealgue\/general\/3r-sortida-a-la-culla-la-vinya-i-el-vi\/","title":{"rendered":"3r, Sortida a LA CULLA: La vinya i el vi"},"content":{"rendered":"<p>El passat divendres 11 d&#8217;octubre vam anar al Camp d&#8217;Aprenentatge de La Culla on vam aprendre un munt de coses sobre la vinya, la verema i la producci\u00f3 del vi. Vam aixafar ra\u00efm i ens vam veure el most! Aqu\u00ed podeu veure les fotografies.<\/p>\n<p><a href=\"https:\/\/agora.xtec.cat\/ceipparealgue\/wp-content\/uploads\/usu157\/2019\/12\/IMG_6009.jpg\"><img loading=\"lazy\" decoding=\"async\" class=\"alignnone size-large wp-image-1772\" src=\"https:\/\/agora.xtec.cat\/ceipparealgue\/wp-content\/uploads\/usu157\/2019\/12\/IMG_6009-1024x768.jpg\" alt=\"\" width=\"1024\" height=\"768\" srcset=\"https:\/\/agora.xtec.cat\/ceipparealgue\/wp-content\/uploads\/usu157\/2019\/12\/IMG_6009-1024x768.jpg 1024w, https:\/\/agora.xtec.cat\/ceipparealgue\/wp-content\/uploads\/usu157\/2019\/12\/IMG_6009-300x225.jpg 300w, https:\/\/agora.xtec.cat\/ceipparealgue\/wp-content\/uploads\/usu157\/2019\/12\/IMG_6009-768x576.jpg 768w, https:\/\/agora.xtec.cat\/ceipparealgue\/wp-content\/uploads\/usu157\/2019\/12\/IMG_6009-200x150.jpg 200w, https:\/\/agora.xtec.cat\/ceipparealgue\/wp-content\/uploads\/usu157\/2019\/12\/IMG_6009.jpg 1095w\" sizes=\"auto, (max-width: 1024px) 100vw, 1024px\" \/><\/a><\/p>\n<p><a href=\"https:\/\/photos.app.goo.gl\/5SVdyrchdGkVUtCs5\">Cliqueu aqu\u00ed per veure les fotografies i els v\u00eddeos<\/a><\/p>\n","protected":false},"excerpt":{"rendered":"<p>El passat divendres 11 d&#8217;octubre vam anar al Camp d&#8217;Aprenentatge de La Culla on vam aprendre un munt de coses sobre la vinya, la verema i la producci\u00f3 del vi. Vam aixafar ra\u00efm i ens vam veure el most! Aqu\u00ed podeu veure les fotografies.<br \/>\n<a href=\"https:\/\/agora.xtec.cat\/ceipparealgue\/wp-content\/uploads\/usu157\/2019\/12\/IMG_6009.jpg\"><\/a><br \/>\n<a&hellip;  <a href=\"https:\/\/agora.xtec.cat\/ceipparealgue\/general\/3r-sortida-a-la-culla-la-vinya-i-el-vi\/\" title=\"Read 3r, Sortida a LA CULLA: La vinya i el vi\">Llegeix m\u00e9s\u00bb<\/a><\/p>\n","protected":false},"author":1,"featured_media":0,"comment_status":"closed","ping_status":"closed","sticky":false,"template":"","format":"standard","meta":{"_bbp_topic_count":0,"_bbp_reply_count":0,"_bbp_total_topic_count":0,"_bbp_total_reply_count":0,"_bbp_voice_count":0,"_bbp_anonymous_reply_count":0,"_bbp_topic_count_hidden":0,"_bbp_reply_count_hidden":0,"_bbp_forum_subforum_count":0,"footnotes":""},"categories":[1,5,12],"tags":[],"class_list":["post-1416","post","type-post","status-publish","format-standard","hentry","category-general","category-primaria","category-12"],"post_mailing_queue_ids":[],"_links":{"self":[{"href":"https:\/\/agora.xtec.cat\/ceipparealgue\/wp-json\/wp\/v2\/posts\/1416","targetHints":{"allow":["GET"]}}],"collection":[{"href":"https:\/\/agora.xtec.cat\/ceipparealgue\/wp-json\/wp\/v2\/posts"}],"about":[{"href":"https:\/\/agora.xtec.cat\/ceipparealgue\/wp-json\/wp\/v2\/types\/post"}],"author":[{"embeddable":true,"href":"https:\/\/agora.xtec.cat\/ceipparealgue\/wp-json\/wp\/v2\/users\/1"}],"replies":[{"embeddable":true,"href":"https:\/\/agora.xtec.cat\/ceipparealgue\/wp-json\/wp\/v2\/comments?post=1416"}],"version-history":[{"count":3,"href":"https:\/\/agora.xtec.cat\/ceipparealgue\/wp-json\/wp\/v2\/posts\/1416\/revisions"}],"predecessor-version":[{"id":1773,"href":"https:\/\/agora.xtec.cat\/ceipparealgue\/wp-json\/wp\/v2\/posts\/1416\/revisions\/1773"}],"wp:attachment":[{"href":"https:\/\/agora.xtec.cat\/ceipparealgue\/wp-json\/wp\/v2\/media?parent=1416"}],"wp:term":[{"taxonomy":"category","embeddable":true,"href":"https:\/\/agora.xtec.cat\/ceipparealgue\/wp-json\/wp\/v2\/categories?post=1416"},{"taxonomy":"post_tag","embeddable":true,"href":"https:\/\/agora.xtec.cat\/ceipparealgue\/wp-json\/wp\/v2\/tags?post=1416"}],"curies":[{"name":"wp","href":"https:\/\/api.w.org\/{rel}","templated":true}]}}