{"id":1320,"date":"2019-09-25T21:36:21","date_gmt":"2019-09-25T19:36:21","guid":{"rendered":"https:\/\/agora.xtec.cat\/ceipparealgue\/?p=1320"},"modified":"2019-09-25T21:37:35","modified_gmt":"2019-09-25T19:37:35","slug":"ja-tenim-nom-per-la-classe","status":"publish","type":"post","link":"https:\/\/agora.xtec.cat\/ceipparealgue\/portada\/ja-tenim-nom-per-la-classe\/","title":{"rendered":"JA TENIM NOM PER LA CLASSE!"},"content":{"rendered":"<p>Els nens i les nenes de quart hem decidit, avui, el nom de la nostra classe. No ha sigut una feina f\u00e0cil i vol\u00edem que tots hi estigu\u00e9ssim d&#8217;acord&#8230; Ens ha costat una mica, per\u00f2 entre 23 propostes diferents al final hem decidit que ens direm&#8230;<a href=\"https:\/\/agora.xtec.cat\/ceipparealgue\/wp-content\/uploads\/usu157\/2019\/09\/LA-TRIBU-DEL-FOC.tif\"><img decoding=\"async\" class=\"alignnone size-full wp-image-1321\" src=\"https:\/\/agora.xtec.cat\/ceipparealgue\/wp-content\/uploads\/usu157\/2019\/09\/LA-TRIBU-DEL-FOC.tif\" alt=\"\" \/><\/a><\/p>\n<p><a href=\"https:\/\/agora.xtec.cat\/ceipparealgue\/wp-content\/uploads\/usu157\/2019\/09\/LA-TRIBU-DEL-FOC.jpg\"><img loading=\"lazy\" decoding=\"async\" class=\"wp-image-1322 aligncenter\" src=\"https:\/\/agora.xtec.cat\/ceipparealgue\/wp-content\/uploads\/usu157\/2019\/09\/LA-TRIBU-DEL-FOC.jpg\" alt=\"\" width=\"519\" height=\"353\" srcset=\"https:\/\/agora.xtec.cat\/ceipparealgue\/wp-content\/uploads\/usu157\/2019\/09\/LA-TRIBU-DEL-FOC.jpg 824w, https:\/\/agora.xtec.cat\/ceipparealgue\/wp-content\/uploads\/usu157\/2019\/09\/LA-TRIBU-DEL-FOC-300x204.jpg 300w, https:\/\/agora.xtec.cat\/ceipparealgue\/wp-content\/uploads\/usu157\/2019\/09\/LA-TRIBU-DEL-FOC-768x522.jpg 768w\" sizes=\"auto, (max-width: 519px) 100vw, 519px\" \/><\/a><\/p>\n","protected":false},"excerpt":{"rendered":"<p>Els nens i les nenes de quart hem decidit, avui, el nom de la nostra classe. No ha sigut una feina f\u00e0cil i vol\u00edem que tots hi estigu\u00e9ssim d&#8217;acord&#8230; Ens ha costat una mica, per\u00f2 entre 23 propostes diferents al final hem decidit que ens&hellip;  <a href=\"https:\/\/agora.xtec.cat\/ceipparealgue\/portada\/ja-tenim-nom-per-la-classe\/\" title=\"Read JA TENIM NOM PER LA CLASSE!\">Llegeix m\u00e9s\u00bb<\/a><\/p>\n","protected":false},"author":1,"featured_media":0,"comment_status":"open","ping_status":"closed","sticky":false,"template":"","format":"standard","meta":{"_bbp_topic_count":0,"_bbp_reply_count":0,"_bbp_total_topic_count":0,"_bbp_total_reply_count":0,"_bbp_voice_count":0,"_bbp_anonymous_reply_count":0,"_bbp_topic_count_hidden":0,"_bbp_reply_count_hidden":0,"_bbp_forum_subforum_count":0,"footnotes":""},"categories":[4,12],"tags":[],"class_list":["post-1320","post","type-post","status-publish","format-standard","hentry","category-portada","category-12"],"post_mailing_queue_ids":[],"_links":{"self":[{"href":"https:\/\/agora.xtec.cat\/ceipparealgue\/wp-json\/wp\/v2\/posts\/1320","targetHints":{"allow":["GET"]}}],"collection":[{"href":"https:\/\/agora.xtec.cat\/ceipparealgue\/wp-json\/wp\/v2\/posts"}],"about":[{"href":"https:\/\/agora.xtec.cat\/ceipparealgue\/wp-json\/wp\/v2\/types\/post"}],"author":[{"embeddable":true,"href":"https:\/\/agora.xtec.cat\/ceipparealgue\/wp-json\/wp\/v2\/users\/1"}],"replies":[{"embeddable":true,"href":"https:\/\/agora.xtec.cat\/ceipparealgue\/wp-json\/wp\/v2\/comments?post=1320"}],"version-history":[{"count":3,"href":"https:\/\/agora.xtec.cat\/ceipparealgue\/wp-json\/wp\/v2\/posts\/1320\/revisions"}],"predecessor-version":[{"id":1326,"href":"https:\/\/agora.xtec.cat\/ceipparealgue\/wp-json\/wp\/v2\/posts\/1320\/revisions\/1326"}],"wp:attachment":[{"href":"https:\/\/agora.xtec.cat\/ceipparealgue\/wp-json\/wp\/v2\/media?parent=1320"}],"wp:term":[{"taxonomy":"category","embeddable":true,"href":"https:\/\/agora.xtec.cat\/ceipparealgue\/wp-json\/wp\/v2\/categories?post=1320"},{"taxonomy":"post_tag","embeddable":true,"href":"https:\/\/agora.xtec.cat\/ceipparealgue\/wp-json\/wp\/v2\/tags?post=1320"}],"curies":[{"name":"wp","href":"https:\/\/api.w.org\/{rel}","templated":true}]}}