{"id":1239,"date":"2019-09-12T23:45:03","date_gmt":"2019-09-12T21:45:03","guid":{"rendered":"https:\/\/agora.xtec.cat\/ceipparealgue\/?p=1239"},"modified":"2019-09-16T18:28:57","modified_gmt":"2019-09-16T16:28:57","slug":"ja-hem-comencat-sise","status":"publish","type":"post","link":"https:\/\/agora.xtec.cat\/ceipparealgue\/portada\/ja-hem-comencat-sise\/","title":{"rendered":"JA HEM COMEN\u00c7AT SIS\u00c8"},"content":{"rendered":"<p>Els nens i les nenes de sis\u00e8 ens hem retrobat despr\u00e9s de l&#8217;estiu.<\/p>\n<p>Per veure&#8217;n les imatges, cliqueu a la fotografia:<\/p>\n<p><a href=\"https:\/\/photos.app.goo.gl\/dPZpKgrPx1AZqM448\"><img loading=\"lazy\" decoding=\"async\" class=\"alignnone \" src=\"https:\/\/lh3.googleusercontent.com\/l9to8tsVUdEKts0CifXvQYtGyhIGqyeDd5MahvTVsYOg0qeWLRdMP2R104297LXrC3tVtY2XGWpOq1zoohacYAhRogD05sEpB_qbTHJfngslKQHuq6KGwbsyXv-FRKhr28bJPCD8hKsQhLHAWjrPdcUBCOMylMsBSBzidUtOJdITWnX1ENujRLY-EQsc3AQjM2zjPmhxbTCPb4CmvFdGFkVKDbOOStekaIevDSCDJO_6JprmzCGOMjtKtLa_8fajvZqcPcR1vLJxa8bh2VWdv1iGCCj0wiXSgADCUaz8aEBpU4fb2pqUJXnQAiFJSipOveQMHwvRE2CZG2IWaIeiJWyPp84UMvwgo78JTmMPok3p4dnQWc8NhgTRG7i2JmK8VJG8S9WgrOlt3bmJeW2TwpNkuHiwEUNPrzraXO_v8fSYypUSAo0EMSaq4vJvKdY5ZX6sKPWGRV9xGZVaf0ZnyvuVs6IgsP1VKAaWbhY86Z7DhQYqDmLwKnVDayfGU4JU5dcuvO8_fu5Z_qtbBXrm2uB1kr3fgUNf7uGUhONhHdUBMvNvPtRD0Pg-OH8CMr7YCoNuav29zdjlIREoHh5WpM9ZZKhPFlbRqYDBBFkumY79Jm17KHAGEbKD7xOtHKioi13Qaj_vi4RnY75k2s4UnyVS3pD3CotF2Wu4KrPvq_DkGY-2v-BMLj4gjY9TyL_mM8u0a4m3ojITnBk53uwlVeBzVCBv4wF2M62-ykjBRHZ1u35w=w876-h657-no\" width=\"306\" height=\"229\" \/><\/a><\/p>\n","protected":false},"excerpt":{"rendered":"<p>Els nens i les nenes de sis\u00e8 ens hem retrobat despr\u00e9s de l&#8217;estiu.<br \/>\nPer veure&#8217;n les imatges, cliqueu a la fotografia:<br \/>\n<a href=\"https:\/\/photos.app.goo.gl\/dPZpKgrPx1AZqM448\"><\/a><\/p>\n","protected":false},"author":1,"featured_media":0,"comment_status":"open","ping_status":"closed","sticky":false,"template":"","format":"standard","meta":{"_bbp_topic_count":0,"_bbp_reply_count":0,"_bbp_total_topic_count":0,"_bbp_total_reply_count":0,"_bbp_voice_count":0,"_bbp_anonymous_reply_count":0,"_bbp_topic_count_hidden":0,"_bbp_reply_count_hidden":0,"_bbp_forum_subforum_count":0,"footnotes":""},"categories":[4,59],"tags":[],"class_list":["post-1239","post","type-post","status-publish","format-standard","hentry","category-portada","category-2008-b"],"post_mailing_queue_ids":[],"_links":{"self":[{"href":"https:\/\/agora.xtec.cat\/ceipparealgue\/wp-json\/wp\/v2\/posts\/1239","targetHints":{"allow":["GET"]}}],"collection":[{"href":"https:\/\/agora.xtec.cat\/ceipparealgue\/wp-json\/wp\/v2\/posts"}],"about":[{"href":"https:\/\/agora.xtec.cat\/ceipparealgue\/wp-json\/wp\/v2\/types\/post"}],"author":[{"embeddable":true,"href":"https:\/\/agora.xtec.cat\/ceipparealgue\/wp-json\/wp\/v2\/users\/1"}],"replies":[{"embeddable":true,"href":"https:\/\/agora.xtec.cat\/ceipparealgue\/wp-json\/wp\/v2\/comments?post=1239"}],"version-history":[{"count":1,"href":"https:\/\/agora.xtec.cat\/ceipparealgue\/wp-json\/wp\/v2\/posts\/1239\/revisions"}],"predecessor-version":[{"id":1240,"href":"https:\/\/agora.xtec.cat\/ceipparealgue\/wp-json\/wp\/v2\/posts\/1239\/revisions\/1240"}],"wp:attachment":[{"href":"https:\/\/agora.xtec.cat\/ceipparealgue\/wp-json\/wp\/v2\/media?parent=1239"}],"wp:term":[{"taxonomy":"category","embeddable":true,"href":"https:\/\/agora.xtec.cat\/ceipparealgue\/wp-json\/wp\/v2\/categories?post=1239"},{"taxonomy":"post_tag","embeddable":true,"href":"https:\/\/agora.xtec.cat\/ceipparealgue\/wp-json\/wp\/v2\/tags?post=1239"}],"curies":[{"name":"wp","href":"https:\/\/api.w.org\/{rel}","templated":true}]}}