{"id":1101,"date":"2019-03-04T20:28:36","date_gmt":"2019-03-04T19:28:36","guid":{"rendered":"https:\/\/agora.xtec.cat\/ceipparealgue\/?p=1101"},"modified":"2019-06-30T20:30:56","modified_gmt":"2019-06-30T18:30:56","slug":"sortida-a-lescola-dart-de-manresa","status":"publish","type":"post","link":"https:\/\/agora.xtec.cat\/ceipparealgue\/primaria\/promocions-antigues\/2011\/sortida-a-lescola-dart-de-manresa\/","title":{"rendered":"SORTIDA A L&#8217;ESCOLA D&#8217;ART DE MANRESA"},"content":{"rendered":"<p>El 4 de mar\u00e7 de 2019 els nens i les nenes de tercer vam anar a visitar l&#8217;Escola d&#8217;Art de Manresa. En all\u00e0 vam fer un taller de fang que consistia en imprimir una fulla d&#8217;un arbre en el fang i despr\u00e9s posar-hi decoraci\u00f3. Ens va agradar molt i vam tenir l&#8217;oportunitat d&#8217;estar al pati d&#8217;aquesta escola. Ens van deixar pintar amb guixos!<\/p>\n<p>En podeu veure les fotografies clicant a la seg\u00fcent imatge:<\/p>\n<p><a href=\"https:\/\/photos.app.goo.gl\/csuQiVmcRx9vtgWa6\"><img loading=\"lazy\" decoding=\"async\" class=\"aligncenter\" src=\"https:\/\/lh3.googleusercontent.com\/TJzYSAlYZlEH3Yf5KTUnyXQctEk-t4GFOB_Uh_ALshGag91t4oHNORyylmPPg8s_DsR4W0VzOWW0bVJ8CxpAihIkgiw4NS54TIckQT3NVE7WUv_uVPFSKkaGq5IScjrpTGpxnpXJuEJOBvuiBb4jk1CoqlKLKKs1VB9wNOeEg9W6PF9bS2CUgn3qFcD8zC-kCAajZL51YbfvkEBhbXS4W6HB9aYH1bjMMFyjTK5sxbV7HEyRRDHs5eIuZJJVQXs-iM_DbWiJ1cdfLu-lFyntq7bzSeTGE4y9ieZ_alc5RdDl86qGz8AjSh6ABOctvmxe5SpiGP1VE3SIW121TWKzuHzthPgPJ3JivUHRhpwd9qEeuwHfbPFpk6nNMZlzuNuRDEg-iy9tMr2MMrntBJqwxhJJYPLIq528_KAflnVTPiQI87S_of8By4DW6eOBIZih8rxLGn1-rbVMzyLfwGb_oWKPS5KPe97nvOAfFmOAoMEDVoYBpn_fif8zVxsdK2CPf0VJWtJ-LInJWA0NuZApp-Sx4rITTeZ66apju4JoMiErd_HUEfP269hYl34TBqf1fTMpPZ222HkxbLum__3tRDwf-hKuaMYP_mxVbBME6_VkIOqKQCE_Qm78GWhxgisQas1DjFoZ2qCDZHDceV27isU-KAl2Qrg=w1227-h920-no\" width=\"682\" height=\"511\" \/><\/a><\/p>\n","protected":false},"excerpt":{"rendered":"<p>El 4 de mar\u00e7 de 2019 els nens i les nenes de tercer vam anar a visitar l&#8217;Escola d&#8217;Art de Manresa. En all\u00e0 vam fer un taller de fang que consistia en imprimir una fulla d&#8217;un arbre en el fang i despr\u00e9s posar-hi decoraci\u00f3. Ens&hellip;  <a href=\"https:\/\/agora.xtec.cat\/ceipparealgue\/primaria\/promocions-antigues\/2011\/sortida-a-lescola-dart-de-manresa\/\" title=\"Read SORTIDA A L&#8217;ESCOLA D&#8217;ART DE MANRESA\">Llegeix m\u00e9s\u00bb<\/a><\/p>\n","protected":false},"author":1,"featured_media":0,"comment_status":"open","ping_status":"closed","sticky":false,"template":"","format":"standard","meta":{"_bbp_topic_count":0,"_bbp_reply_count":0,"_bbp_total_topic_count":0,"_bbp_total_reply_count":0,"_bbp_voice_count":0,"_bbp_anonymous_reply_count":0,"_bbp_topic_count_hidden":0,"_bbp_reply_count_hidden":0,"_bbp_forum_subforum_count":0,"footnotes":""},"categories":[12],"tags":[],"class_list":["post-1101","post","type-post","status-publish","format-standard","hentry","category-12"],"post_mailing_queue_ids":[],"_links":{"self":[{"href":"https:\/\/agora.xtec.cat\/ceipparealgue\/wp-json\/wp\/v2\/posts\/1101","targetHints":{"allow":["GET"]}}],"collection":[{"href":"https:\/\/agora.xtec.cat\/ceipparealgue\/wp-json\/wp\/v2\/posts"}],"about":[{"href":"https:\/\/agora.xtec.cat\/ceipparealgue\/wp-json\/wp\/v2\/types\/post"}],"author":[{"embeddable":true,"href":"https:\/\/agora.xtec.cat\/ceipparealgue\/wp-json\/wp\/v2\/users\/1"}],"replies":[{"embeddable":true,"href":"https:\/\/agora.xtec.cat\/ceipparealgue\/wp-json\/wp\/v2\/comments?post=1101"}],"version-history":[{"count":1,"href":"https:\/\/agora.xtec.cat\/ceipparealgue\/wp-json\/wp\/v2\/posts\/1101\/revisions"}],"predecessor-version":[{"id":1102,"href":"https:\/\/agora.xtec.cat\/ceipparealgue\/wp-json\/wp\/v2\/posts\/1101\/revisions\/1102"}],"wp:attachment":[{"href":"https:\/\/agora.xtec.cat\/ceipparealgue\/wp-json\/wp\/v2\/media?parent=1101"}],"wp:term":[{"taxonomy":"category","embeddable":true,"href":"https:\/\/agora.xtec.cat\/ceipparealgue\/wp-json\/wp\/v2\/categories?post=1101"},{"taxonomy":"post_tag","embeddable":true,"href":"https:\/\/agora.xtec.cat\/ceipparealgue\/wp-json\/wp\/v2\/tags?post=1101"}],"curies":[{"name":"wp","href":"https:\/\/api.w.org\/{rel}","templated":true}]}}