{"id":1083,"date":"2018-10-29T19:20:18","date_gmt":"2018-10-29T18:20:18","guid":{"rendered":"https:\/\/agora.xtec.cat\/ceipparealgue\/?p=1083"},"modified":"2019-06-30T19:28:53","modified_gmt":"2019-06-30T17:28:53","slug":"castanyada-a-tercer","status":"publish","type":"post","link":"https:\/\/agora.xtec.cat\/ceipparealgue\/primaria\/promocions-antigues\/2011\/castanyada-a-tercer\/","title":{"rendered":"CASTANYADA A TERCER"},"content":{"rendered":"<p>El passat dilluns 29 d&#8217;octubre vam celebrar la Castanyada amb tota l&#8217;escola. Ens ho vam passar molt b\u00e9 i vam poder menjar castanyes molt bones! A les 16h ens van venir a veure les castenyeres i el castanyer de sis\u00e8 i ens van donar les castanyes. Despr\u00e9s, vam sortir al pati i ens les vam menjar tots junts. Finalment vam fer ballaruca i el nostre esquelet no podia parar de ballar! Va ser fant\u00e0stic!<\/p>\n<p><a href=\"https:\/\/photos.app.goo.gl\/6nJu91g69ZXKvirY8\"><img loading=\"lazy\" decoding=\"async\" class=\"aligncenter\" src=\"https:\/\/lh3.googleusercontent.com\/YpzAfsJxJcJIxEt1ehhZ8nk2CYoxODBMpxmXHprBHDwgXlyU4xfb1T632HpOw9405Q2ydRtfkQW1YgSQs1LM8Vz2RNTQuQ256TOcWbNuIrOp4OCqGKxfVmawYCnPH2PWFz7EGyGLteVcWDTEGEjHLsSwbixcwffwTXqMgWHQ5DpqoBcSbCwVVAk4wuT2BMVZ2AzawLUJOksMM1O-Q0-YfnRn4fBKEnIFJ_vrW2s05ASZQOlqkKsQIn23OmjXfRBuWj_odDFswHlA1IPXUUIbZpAPd7N7L_Px1BvZ7-naG1ln8BL5R0TXptJkqYeKJZMySKO6f9NcWG06Z-bzSlB3BYQLUiTcVaJsMcHwVqNWmjyk5w2YHfJ3UhLzATNQRmkH2y-ybSXTL6FE8qX0SFfZlaXPubrYbbija-dsg4e8tkW6Kxcs0VC4wgstKIJZy29EQvJqSnL-kkREqVgTh5gJNpypNvOflLUPTCTFWao-BFyI1V2zv_zzcQxaZwyu6ceEpf7WkwLgAS7CD9LTVbx8hDwoHqcbJpnZ5dq_hUShrB4dEaJFxn44MvvM26CaAidq1dICXGMnCEsPXIVh04o38pcOKRVTv7W63CK9O5QthMlmlmOGTf-Z1CWKUAVGnHN_kmbARLLWsr8Jxd_om_gNYgdbutZ2EBg=w1292-h970-no\" width=\"699\" height=\"524\" \/><\/a><\/p>\n","protected":false},"excerpt":{"rendered":"<p>El passat dilluns 29 d&#8217;octubre vam celebrar la Castanyada amb tota l&#8217;escola. Ens ho vam passar molt b\u00e9 i vam poder menjar castanyes molt bones! A les 16h ens van venir a veure les castenyeres i el castanyer de sis\u00e8 i ens van donar les&hellip;  <a href=\"https:\/\/agora.xtec.cat\/ceipparealgue\/primaria\/promocions-antigues\/2011\/castanyada-a-tercer\/\" title=\"Read CASTANYADA A TERCER\">Llegeix m\u00e9s\u00bb<\/a><\/p>\n","protected":false},"author":1,"featured_media":0,"comment_status":"open","ping_status":"closed","sticky":false,"template":"","format":"standard","meta":{"_bbp_topic_count":0,"_bbp_reply_count":0,"_bbp_total_topic_count":0,"_bbp_total_reply_count":0,"_bbp_voice_count":0,"_bbp_anonymous_reply_count":0,"_bbp_topic_count_hidden":0,"_bbp_reply_count_hidden":0,"_bbp_forum_subforum_count":0,"footnotes":""},"categories":[12],"tags":[],"class_list":["post-1083","post","type-post","status-publish","format-standard","hentry","category-12"],"post_mailing_queue_ids":[],"_links":{"self":[{"href":"https:\/\/agora.xtec.cat\/ceipparealgue\/wp-json\/wp\/v2\/posts\/1083","targetHints":{"allow":["GET"]}}],"collection":[{"href":"https:\/\/agora.xtec.cat\/ceipparealgue\/wp-json\/wp\/v2\/posts"}],"about":[{"href":"https:\/\/agora.xtec.cat\/ceipparealgue\/wp-json\/wp\/v2\/types\/post"}],"author":[{"embeddable":true,"href":"https:\/\/agora.xtec.cat\/ceipparealgue\/wp-json\/wp\/v2\/users\/1"}],"replies":[{"embeddable":true,"href":"https:\/\/agora.xtec.cat\/ceipparealgue\/wp-json\/wp\/v2\/comments?post=1083"}],"version-history":[{"count":1,"href":"https:\/\/agora.xtec.cat\/ceipparealgue\/wp-json\/wp\/v2\/posts\/1083\/revisions"}],"predecessor-version":[{"id":1084,"href":"https:\/\/agora.xtec.cat\/ceipparealgue\/wp-json\/wp\/v2\/posts\/1083\/revisions\/1084"}],"wp:attachment":[{"href":"https:\/\/agora.xtec.cat\/ceipparealgue\/wp-json\/wp\/v2\/media?parent=1083"}],"wp:term":[{"taxonomy":"category","embeddable":true,"href":"https:\/\/agora.xtec.cat\/ceipparealgue\/wp-json\/wp\/v2\/categories?post=1083"},{"taxonomy":"post_tag","embeddable":true,"href":"https:\/\/agora.xtec.cat\/ceipparealgue\/wp-json\/wp\/v2\/tags?post=1083"}],"curies":[{"name":"wp","href":"https:\/\/api.w.org\/{rel}","templated":true}]}}