{"id":1066,"date":"2019-03-01T18:34:10","date_gmt":"2019-03-01T17:34:10","guid":{"rendered":"https:\/\/agora.xtec.cat\/ceipparealgue\/?p=1066"},"modified":"2019-06-30T18:37:44","modified_gmt":"2019-06-30T16:37:44","slug":"la-setmana-de-les-bogeries-carnestoltes","status":"publish","type":"post","link":"https:\/\/agora.xtec.cat\/ceipparealgue\/primaria\/promocions-antigues\/2011\/la-setmana-de-les-bogeries-carnestoltes\/","title":{"rendered":"LA SETMANA DE LES BOGERIES &#8211; CARNESTOLTES"},"content":{"rendered":"<p>Del 25 de febrer a l&#8217;1 de ma\u00e7 ha sigut la setmana de les bogeries a l&#8217;escola! Hem pogut celebrar el Dijous Llarder aix\u00ed com el Carnestoltes. Hem rigut molt i ens ho hem passat molt b\u00e9 cada dia portant les consignes que se&#8217;ns havien demanat. A m\u00e9s, el divendres hem fet xerinola i hem pogut gaudir de diversos balls!<\/p>\n<p>En podeu veure les fotografies clicant a la seg\u00fcent imatge:<\/p>\n<p><a href=\"https:\/\/photos.app.goo.gl\/oPDPQtXH6CrMVi867\"><img loading=\"lazy\" decoding=\"async\" class=\"aligncenter\" src=\"https:\/\/lh3.googleusercontent.com\/LynQX7l_T5_A6rLyidnMN0y8JUxiUuxVgYAkMilmEBgrLLEDymZJ5XP7vRkrj_QLvFd3ovFiOnFITGSyS-_d2lySprQDCJppE9UirNqUDoEUPx7dC8j5oD6vOfnqVOdsoJc9Fr_pNJ-sXZkyLZDlZG1GnK9ItMaEcFcjz55mEkjKZOqB2MJHFIvF5a0Y2qAJODaCKXX0XdzPNQyx0FToqyTc-vzBxKRvrEZTKOdGSvsdP7KSMEfsLmjndGs3O6WVRhSQUriUNoNdsDf9aaqB2tfU-XVF8hwWk5_47DUtvX5rB2fGboXIcDZ9jqSbukrRlDm889CViKPKL87J65T9q2ZBSBdFr9E3Ocxfe6N6tXPo6-45LSazVszEeFyjlaaQo18InAifnJfmt4j8HLE3M8VMnQKTo8xId38ZFhbMF-FNrWzCj0Ca3dLIDpj2gQ34-PH3i86aBN0F5KaeZmx4SK8N3Wq852TyudiWi6w0AOKEThve6MgBUHMGp1_vGyOdpcVZjJPd305Z1Zi-w2G6Bh7pmXFr1nAKgsKDPv8C5phSMFJhMYZhVulDTCT6Ln-6S_aBRr3bbvYo7NI8si4-qME4mgv0DnUhQmOtsep_ezVS35h6PUCoy103UYaAQuOvilq5X54YA8fqr1tqIpAKUAGxr75IQ9c=w1227-h920-no\" width=\"699\" height=\"524\" \/><\/a><\/p>\n","protected":false},"excerpt":{"rendered":"<p>Del 25 de febrer a l&#8217;1 de ma\u00e7 ha sigut la setmana de les bogeries a l&#8217;escola! Hem pogut celebrar el Dijous Llarder aix\u00ed com el Carnestoltes. Hem rigut molt i ens ho hem passat molt b\u00e9 cada dia portant les consignes que se&#8217;ns havien&hellip;  <a href=\"https:\/\/agora.xtec.cat\/ceipparealgue\/primaria\/promocions-antigues\/2011\/la-setmana-de-les-bogeries-carnestoltes\/\" title=\"Read LA SETMANA DE LES BOGERIES &#8211; CARNESTOLTES\">Llegeix m\u00e9s\u00bb<\/a><\/p>\n","protected":false},"author":1,"featured_media":0,"comment_status":"open","ping_status":"closed","sticky":false,"template":"","format":"standard","meta":{"_bbp_topic_count":0,"_bbp_reply_count":0,"_bbp_total_topic_count":0,"_bbp_total_reply_count":0,"_bbp_voice_count":0,"_bbp_anonymous_reply_count":0,"_bbp_topic_count_hidden":0,"_bbp_reply_count_hidden":0,"_bbp_forum_subforum_count":0,"footnotes":""},"categories":[12],"tags":[],"class_list":["post-1066","post","type-post","status-publish","format-standard","hentry","category-12"],"post_mailing_queue_ids":[],"_links":{"self":[{"href":"https:\/\/agora.xtec.cat\/ceipparealgue\/wp-json\/wp\/v2\/posts\/1066","targetHints":{"allow":["GET"]}}],"collection":[{"href":"https:\/\/agora.xtec.cat\/ceipparealgue\/wp-json\/wp\/v2\/posts"}],"about":[{"href":"https:\/\/agora.xtec.cat\/ceipparealgue\/wp-json\/wp\/v2\/types\/post"}],"author":[{"embeddable":true,"href":"https:\/\/agora.xtec.cat\/ceipparealgue\/wp-json\/wp\/v2\/users\/1"}],"replies":[{"embeddable":true,"href":"https:\/\/agora.xtec.cat\/ceipparealgue\/wp-json\/wp\/v2\/comments?post=1066"}],"version-history":[{"count":1,"href":"https:\/\/agora.xtec.cat\/ceipparealgue\/wp-json\/wp\/v2\/posts\/1066\/revisions"}],"predecessor-version":[{"id":1067,"href":"https:\/\/agora.xtec.cat\/ceipparealgue\/wp-json\/wp\/v2\/posts\/1066\/revisions\/1067"}],"wp:attachment":[{"href":"https:\/\/agora.xtec.cat\/ceipparealgue\/wp-json\/wp\/v2\/media?parent=1066"}],"wp:term":[{"taxonomy":"category","embeddable":true,"href":"https:\/\/agora.xtec.cat\/ceipparealgue\/wp-json\/wp\/v2\/categories?post=1066"},{"taxonomy":"post_tag","embeddable":true,"href":"https:\/\/agora.xtec.cat\/ceipparealgue\/wp-json\/wp\/v2\/tags?post=1066"}],"curies":[{"name":"wp","href":"https:\/\/api.w.org\/{rel}","templated":true}]}}