{"id":1047,"date":"2018-09-26T18:00:08","date_gmt":"2018-09-26T16:00:08","guid":{"rendered":"https:\/\/agora.xtec.cat\/ceipparealgue\/?p=1047"},"modified":"2019-06-29T20:07:26","modified_gmt":"2019-06-29T18:07:26","slug":"excursio-a-la-culla-la-vinya-i-el-vi","status":"publish","type":"post","link":"https:\/\/agora.xtec.cat\/ceipparealgue\/portada\/excursio-a-la-culla-la-vinya-i-el-vi\/","title":{"rendered":"EXCURSI\u00d3 A LA CULLA &#8211; LA VINYA I EL VI"},"content":{"rendered":"<p class=\"font_7\">El passat dimecres 26 de setembre vam fer la nostra primer excursi\u00f3 com a classe de Tercer.\u00a0En ten\u00edem moltes ganes i ens feia molta il\u00b7lusi\u00f3.<\/p>\n<p class=\"font_7\"><span class=\"wixGuard\">\u200b<\/span>A les 9h vam marxar, caminant, cap a la Culla. Record\u00e0vem que hi hav\u00edem anat per\u00f2 vol\u00edem tornar-hi a fer m\u00e9s activitats.\u00a0En aquest cas, el tema era: &#8220;La Vinya i el Vi&#8221;.<\/p>\n<p class=\"font_7\"><span class=\"wixGuard\">\u200b<\/span>Quan vam arribar ens esperaven la Clara i la Marta. Vam descobrir que coneixien molt b\u00e9 la Culla i com es feia el vi abans en aquesta casa!<\/p>\n<p class=\"font_7\"><span class=\"wixGuard\">\u200b<\/span>Ens vam dividir en dos grups per\u00f2 tots vam fer les mateixes activitats, en ordres diferents&#8230;<\/p>\n<p class=\"font_7\"><span class=\"wixGuard\">\u200b<\/span>Una activitat consistia en veure una vinya, b\u00e9, en vam veure dues! Una de tradicional i una altra de moderna. Vam poder con\u00e8ixer les difer\u00e8ncies entre aquestes dues. Despr\u00e9s, vam aprendre les feines i les eines que s&#8217;utilitzen a la Vinya (llaurar, podar, ensulfatar, veremar, adobar,&#8230;)<\/p>\n<p class=\"font_7\"><span class=\"wixGuard\">\u200b<\/span>Una altra activitat consistia en observar les tines i com extreien el most i el convertien en vi. Ens va impressionar molt entrar dins d&#8217;una tina! A m\u00e9s, vam aprendre coses sobre els cellers, les b\u00f3tes, etc.<\/p>\n<p class=\"font_7\"><span class=\"wixGuard\">\u200b<\/span>La tercera activitat va ser pr\u00e0ctica! Vam poder fer un empelt entre un cep americ\u00e0 i un cep de la nostra comarca, el Bages.<\/p>\n<p class=\"font_7\"><span class=\"wixGuard\">\u200b<\/span>Finalment, abans de marxar, vam poder veure com es premsa el ra\u00efm! Ens va agradar molt i vam quedar ben sorpresos de la quantitat de most que vam fer! Aquest most ens el van deixar beure i ens va encantar! Era dol\u00e7et&#8230;<\/p>\n<p class=\"font_7\"><span class=\"wixGuard\">\u200b<\/span>A les 12:30 vam haver de marxar ja que els pares ens esper\u00e0ven a les 13h a l&#8217;escola.<\/p>\n<p class=\"font_7\"><span class=\"wixGuard\">\u200b<\/span>En resum, ens va agradar molt\u00edssim!<\/p>\n<p>En podeu veure el recull de fotografies clicant a la seg\u00fcent imatge:<\/p>\n<p><a href=\"https:\/\/photos.app.goo.gl\/6bHM4jQJNynoWhLK6\"><img loading=\"lazy\" decoding=\"async\" class=\"aligncenter\" src=\"https:\/\/lh3.googleusercontent.com\/67r-3HXpIQraNrUyaB9CrHSyprpCQlbkji7Szq1xcTDjfgcTJkSk1R9qs2ZmNpmo-nyh0fSXaXkAlus8yqBg1xAZzGEDGqqs5Jnqr9_wdy-3WtZbI2p0A7Dmk85BLb9yd83XuI4GGjHBNNzjlN2gbtFJSpx1SrsNt39kMRE3QyzecwuXS4oPKjlvF271YbQS6mbpfJFCdq-tdjRyOJCoW5vt5Jej9o01Mdt6qM1iCojsJqpncRdM1Z_2oVqvsTnW8hoeO_SmaZjU_mW-8fkEu8cb20_aZumEb3SWb44dTe4M-Qy_5k9LpezNrvKCqCq4PSFiEWHGCpabOud9Ua3u-EMGLv26HSx_mBj0Ovv_4ZnSNsY5_aFzhlplg3wskknDQuvSV0G-rzaei5t4MecimVIXxYjNxictCdeGWSkAzlWEcruKDwHgLv-tFuPsGDFJDrjIJOsJh_A1tPbo59oAVBQkoBeFw3xGYQDuwOrfHeP2rMiP3w70r1vtiu28B8FfPUjGGiEUEAA6WRP8bpjdG49R08T5y_uwkYrbg_SxGo4N-8VCX794vccnIW-ZIoSlewPRFjMAesj0sQvs0DX23PinVMh2dZL1uuy9nQVJykWD4_hTVNQkUU1ifmYDY4aNfzm7Hj-5qX-jd6z5KAMQw_NTBaI70kI=w1192-h894-no\" width=\"629\" height=\"472\" \/><\/a><\/p>\n","protected":false},"excerpt":{"rendered":"<p>El passat dimecres 26 de setembre vam fer la nostra primer excursi\u00f3 com a classe de Tercer.\u00a0En ten\u00edem moltes ganes i ens feia molta il\u00b7lusi\u00f3.<br \/>\n\u200bA les 9h vam marxar, caminant, cap a la Culla. Record\u00e0vem que hi hav\u00edem anat per\u00f2 vol\u00edem tornar-hi a fer m\u00e9s&hellip;  <a href=\"https:\/\/agora.xtec.cat\/ceipparealgue\/portada\/excursio-a-la-culla-la-vinya-i-el-vi\/\" title=\"Read EXCURSI\u00d3 A LA CULLA &#8211; LA VINYA I EL VI\">Llegeix m\u00e9s\u00bb<\/a><\/p>\n","protected":false},"author":1,"featured_media":0,"comment_status":"open","ping_status":"closed","sticky":false,"template":"","format":"standard","meta":{"_bbp_topic_count":0,"_bbp_reply_count":0,"_bbp_total_topic_count":0,"_bbp_total_reply_count":0,"_bbp_voice_count":0,"_bbp_anonymous_reply_count":0,"_bbp_topic_count_hidden":0,"_bbp_reply_count_hidden":0,"_bbp_forum_subforum_count":0,"footnotes":""},"categories":[4,12],"tags":[],"class_list":["post-1047","post","type-post","status-publish","format-standard","hentry","category-portada","category-12"],"post_mailing_queue_ids":[],"_links":{"self":[{"href":"https:\/\/agora.xtec.cat\/ceipparealgue\/wp-json\/wp\/v2\/posts\/1047","targetHints":{"allow":["GET"]}}],"collection":[{"href":"https:\/\/agora.xtec.cat\/ceipparealgue\/wp-json\/wp\/v2\/posts"}],"about":[{"href":"https:\/\/agora.xtec.cat\/ceipparealgue\/wp-json\/wp\/v2\/types\/post"}],"author":[{"embeddable":true,"href":"https:\/\/agora.xtec.cat\/ceipparealgue\/wp-json\/wp\/v2\/users\/1"}],"replies":[{"embeddable":true,"href":"https:\/\/agora.xtec.cat\/ceipparealgue\/wp-json\/wp\/v2\/comments?post=1047"}],"version-history":[{"count":1,"href":"https:\/\/agora.xtec.cat\/ceipparealgue\/wp-json\/wp\/v2\/posts\/1047\/revisions"}],"predecessor-version":[{"id":1048,"href":"https:\/\/agora.xtec.cat\/ceipparealgue\/wp-json\/wp\/v2\/posts\/1047\/revisions\/1048"}],"wp:attachment":[{"href":"https:\/\/agora.xtec.cat\/ceipparealgue\/wp-json\/wp\/v2\/media?parent=1047"}],"wp:term":[{"taxonomy":"category","embeddable":true,"href":"https:\/\/agora.xtec.cat\/ceipparealgue\/wp-json\/wp\/v2\/categories?post=1047"},{"taxonomy":"post_tag","embeddable":true,"href":"https:\/\/agora.xtec.cat\/ceipparealgue\/wp-json\/wp\/v2\/tags?post=1047"}],"curies":[{"name":"wp","href":"https:\/\/api.w.org\/{rel}","templated":true}]}}