{"id":1017,"date":"2019-06-20T17:05:30","date_gmt":"2019-06-20T15:05:30","guid":{"rendered":"https:\/\/agora.xtec.cat\/ceipparealgue\/?p=1017"},"modified":"2019-06-21T07:21:01","modified_gmt":"2019-06-21T05:21:01","slug":"comiat-de-6e","status":"publish","type":"post","link":"https:\/\/agora.xtec.cat\/ceipparealgue\/portada\/comiat-de-6e\/","title":{"rendered":"COMIAT DE  6\u00e8"},"content":{"rendered":"<p>Avui, 20 de juny de 2019 hem acomiadat els nens i les nenes de sis\u00e8 ja que finalitzen una etapa a la nostra escola. Ha sigut un comiat molt emotiu, ple de sorpreses per ells i amb ells.<\/p>\n<p>Els desitgem que els vagi tot molt b\u00e9 en la nova etapa que comen\u00e7ar\u00e0 el setembre. MOLTA SORT!<\/p>\n<p>Podeu veure el comiat a continuaci\u00f3:<\/p>\n<p>https:\/\/youtu.be\/sXa_wN4bnZo<\/p>\n","protected":false},"excerpt":{"rendered":"<p>Avui, 20 de juny de 2019 hem acomiadat els nens i les nenes de sis\u00e8 ja que finalitzen una etapa a la nostra escola. Ha sigut un comiat molt emotiu, ple de sorpreses per ells i amb ells.<br \/>\nEls desitgem que els vagi tot molt b\u00e9&hellip;  <a href=\"https:\/\/agora.xtec.cat\/ceipparealgue\/portada\/comiat-de-6e\/\" title=\"Read COMIAT DE  6\u00e8\">Llegeix m\u00e9s\u00bb<\/a><\/p>\n","protected":false},"author":1,"featured_media":1020,"comment_status":"open","ping_status":"closed","sticky":false,"template":"","format":"standard","meta":{"_bbp_topic_count":0,"_bbp_reply_count":0,"_bbp_total_topic_count":0,"_bbp_total_reply_count":0,"_bbp_voice_count":0,"_bbp_anonymous_reply_count":0,"_bbp_topic_count_hidden":0,"_bbp_reply_count_hidden":0,"_bbp_forum_subforum_count":0,"footnotes":""},"categories":[4,15],"tags":[],"class_list":["post-1017","post","type-post","status-publish","format-standard","has-post-thumbnail","hentry","category-portada","category-15"],"post_mailing_queue_ids":[],"_links":{"self":[{"href":"https:\/\/agora.xtec.cat\/ceipparealgue\/wp-json\/wp\/v2\/posts\/1017","targetHints":{"allow":["GET"]}}],"collection":[{"href":"https:\/\/agora.xtec.cat\/ceipparealgue\/wp-json\/wp\/v2\/posts"}],"about":[{"href":"https:\/\/agora.xtec.cat\/ceipparealgue\/wp-json\/wp\/v2\/types\/post"}],"author":[{"embeddable":true,"href":"https:\/\/agora.xtec.cat\/ceipparealgue\/wp-json\/wp\/v2\/users\/1"}],"replies":[{"embeddable":true,"href":"https:\/\/agora.xtec.cat\/ceipparealgue\/wp-json\/wp\/v2\/comments?post=1017"}],"version-history":[{"count":2,"href":"https:\/\/agora.xtec.cat\/ceipparealgue\/wp-json\/wp\/v2\/posts\/1017\/revisions"}],"predecessor-version":[{"id":1019,"href":"https:\/\/agora.xtec.cat\/ceipparealgue\/wp-json\/wp\/v2\/posts\/1017\/revisions\/1019"}],"wp:featuredmedia":[{"embeddable":true,"href":"https:\/\/agora.xtec.cat\/ceipparealgue\/wp-json\/wp\/v2\/media\/1020"}],"wp:attachment":[{"href":"https:\/\/agora.xtec.cat\/ceipparealgue\/wp-json\/wp\/v2\/media?parent=1017"}],"wp:term":[{"taxonomy":"category","embeddable":true,"href":"https:\/\/agora.xtec.cat\/ceipparealgue\/wp-json\/wp\/v2\/categories?post=1017"},{"taxonomy":"post_tag","embeddable":true,"href":"https:\/\/agora.xtec.cat\/ceipparealgue\/wp-json\/wp\/v2\/tags?post=1017"}],"curies":[{"name":"wp","href":"https:\/\/api.w.org\/{rel}","templated":true}]}}