{"id":956,"date":"2016-10-20T21:55:58","date_gmt":"2016-10-20T19:55:58","guid":{"rendered":"http:\/\/agora.xtec.cat\/ceippallach-figueres\/?p=956"},"modified":"2018-09-05T11:38:58","modified_gmt":"2018-09-05T09:38:58","slug":"sortida-a-la-vajol","status":"publish","type":"post","link":"https:\/\/agora.xtec.cat\/ceippallach-figueres\/6e-2021-2022\/sortida-a-la-vajol\/","title":{"rendered":"Sortida a la Vajol"},"content":{"rendered":"<p>Els nens de primer de prim\u00e0ria v\u00e0rem anar a La Vajol per disfrutar de les imatges de la tardor i recollir fruits i fulles que trob\u00e0vem pel cam\u00ed. Vam trobar glans, fulles de tots colors, cireretes d&#8217;arbo\u00e7, menta i castanyes!. Algunes encara eren dins del seu pell\u00f3 per\u00f2 d&#8217;altres ja havien sortit i caigut al terra. Vam poder fer d&#8217;exploradors i vam buscar el set\u00e8 cami\u00f3 que s&#8217;havia perdut fa molt i molt \u00a0de temps per\u00f2 no el vam trobar. Ara, fent d&#8217;exploradors ens ho vam passar genial!<\/p>\n<p>Cliqueu la imatge per veure l&#8217;\u00e0lbum complet.<\/p>\n<p><a href=\"https:\/\/goo.gl\/photos\/GYxarGfRPb6BN6Nz9\"><img loading=\"lazy\" decoding=\"async\" class=\"alignnone size-large wp-image-963\" src=\"http:\/\/agora.xtec.cat\/ceippallach-figueres\/wp-content\/uploads\/usu654\/2016\/10\/20161010_112101-COLLAGE-1024x1024.jpg\" alt=\"20161010_112101-collage\" width=\"1024\" height=\"1024\" srcset=\"https:\/\/agora.xtec.cat\/ceippallach-figueres\/wp-content\/uploads\/usu654\/2016\/10\/20161010_112101-COLLAGE-1024x1024.jpg 1024w, https:\/\/agora.xtec.cat\/ceippallach-figueres\/wp-content\/uploads\/usu654\/2016\/10\/20161010_112101-COLLAGE-150x150.jpg 150w, https:\/\/agora.xtec.cat\/ceippallach-figueres\/wp-content\/uploads\/usu654\/2016\/10\/20161010_112101-COLLAGE-300x300.jpg 300w, https:\/\/agora.xtec.cat\/ceippallach-figueres\/wp-content\/uploads\/usu654\/2016\/10\/20161010_112101-COLLAGE-768x768.jpg 768w, https:\/\/agora.xtec.cat\/ceippallach-figueres\/wp-content\/uploads\/usu654\/2016\/10\/20161010_112101-COLLAGE.jpg 2046w\" sizes=\"auto, (max-width: 1024px) 100vw, 1024px\" \/><\/a><\/p>\n<p>&nbsp;<\/p>\n","protected":false},"excerpt":{"rendered":"<p>Els nens i nenes de 1r vam anar d&#8217;excursi\u00f3 a La Vajol.<\/p>\n","protected":false},"author":1,"featured_media":963,"comment_status":"open","ping_status":"open","sticky":false,"template":"","format":"standard","meta":{"_bbp_topic_count":0,"_bbp_reply_count":0,"_bbp_total_topic_count":0,"_bbp_total_reply_count":0,"_bbp_voice_count":0,"_bbp_anonymous_reply_count":0,"_bbp_topic_count_hidden":0,"_bbp_reply_count_hidden":0,"_bbp_forum_subforum_count":0,"site-sidebar-layout":"default","site-content-layout":"","ast-site-content-layout":"","site-content-style":"default","site-sidebar-style":"default","ast-global-header-display":"","ast-banner-title-visibility":"","ast-main-header-display":"","ast-hfb-above-header-display":"","ast-hfb-below-header-display":"","ast-hfb-mobile-header-display":"","site-post-title":"","ast-breadcrumbs-content":"","ast-featured-img":"","footer-sml-layout":"","theme-transparent-header-meta":"","adv-header-id-meta":"","stick-header-meta":"","header-above-stick-meta":"","header-main-stick-meta":"","header-below-stick-meta":"","astra-migrate-meta-layouts":"default","ast-page-background-enabled":"default","ast-page-background-meta":{"desktop":{"background-color":"var(--ast-global-color-4)","background-image":"","background-repeat":"repeat","background-position":"center center","background-size":"auto","background-attachment":"scroll","background-type":"","background-media":"","overlay-type":"","overlay-color":"","overlay-opacity":"","overlay-gradient":""},"tablet":{"background-color":"","background-image":"","background-repeat":"repeat","background-position":"center center","background-size":"auto","background-attachment":"scroll","background-type":"","background-media":"","overlay-type":"","overlay-color":"","overlay-opacity":"","overlay-gradient":""},"mobile":{"background-color":"","background-image":"","background-repeat":"repeat","background-position":"center center","background-size":"auto","background-attachment":"scroll","background-type":"","background-media":"","overlay-type":"","overlay-color":"","overlay-opacity":"","overlay-gradient":""}},"ast-content-background-meta":{"desktop":{"background-color":"var(--ast-global-color-5)","background-image":"","background-repeat":"repeat","background-position":"center center","background-size":"auto","background-attachment":"scroll","background-type":"","background-media":"","overlay-type":"","overlay-color":"","overlay-opacity":"","overlay-gradient":""},"tablet":{"background-color":"var(--ast-global-color-5)","background-image":"","background-repeat":"repeat","background-position":"center center","background-size":"auto","background-attachment":"scroll","background-type":"","background-media":"","overlay-type":"","overlay-color":"","overlay-opacity":"","overlay-gradient":""},"mobile":{"background-color":"var(--ast-global-color-5)","background-image":"","background-repeat":"repeat","background-position":"center center","background-size":"auto","background-attachment":"scroll","background-type":"","background-media":"","overlay-type":"","overlay-color":"","overlay-opacity":"","overlay-gradient":""}},"footnotes":""},"categories":[11],"tags":[125,126,91],"class_list":["post-956","post","type-post","status-publish","format-standard","has-post-thumbnail","hentry","category-6e-2021-2022","tag-la-vajol","tag-sortida","tag-tardor"],"post_mailing_queue_ids":[],"_links":{"self":[{"href":"https:\/\/agora.xtec.cat\/ceippallach-figueres\/wp-json\/wp\/v2\/posts\/956","targetHints":{"allow":["GET"]}}],"collection":[{"href":"https:\/\/agora.xtec.cat\/ceippallach-figueres\/wp-json\/wp\/v2\/posts"}],"about":[{"href":"https:\/\/agora.xtec.cat\/ceippallach-figueres\/wp-json\/wp\/v2\/types\/post"}],"author":[{"embeddable":true,"href":"https:\/\/agora.xtec.cat\/ceippallach-figueres\/wp-json\/wp\/v2\/users\/1"}],"replies":[{"embeddable":true,"href":"https:\/\/agora.xtec.cat\/ceippallach-figueres\/wp-json\/wp\/v2\/comments?post=956"}],"version-history":[{"count":3,"href":"https:\/\/agora.xtec.cat\/ceippallach-figueres\/wp-json\/wp\/v2\/posts\/956\/revisions"}],"predecessor-version":[{"id":969,"href":"https:\/\/agora.xtec.cat\/ceippallach-figueres\/wp-json\/wp\/v2\/posts\/956\/revisions\/969"}],"wp:featuredmedia":[{"embeddable":true,"href":"https:\/\/agora.xtec.cat\/ceippallach-figueres\/wp-json\/wp\/v2\/media\/963"}],"wp:attachment":[{"href":"https:\/\/agora.xtec.cat\/ceippallach-figueres\/wp-json\/wp\/v2\/media?parent=956"}],"wp:term":[{"taxonomy":"category","embeddable":true,"href":"https:\/\/agora.xtec.cat\/ceippallach-figueres\/wp-json\/wp\/v2\/categories?post=956"},{"taxonomy":"post_tag","embeddable":true,"href":"https:\/\/agora.xtec.cat\/ceippallach-figueres\/wp-json\/wp\/v2\/tags?post=956"}],"curies":[{"name":"wp","href":"https:\/\/api.w.org\/{rel}","templated":true}]}}