{"id":650,"date":"2016-10-03T18:01:16","date_gmt":"2016-10-03T16:01:16","guid":{"rendered":"http:\/\/agora.xtec.cat\/ceippallach-figueres\/?p=650"},"modified":"2018-09-05T11:41:33","modified_gmt":"2018-09-05T09:41:33","slug":"a-2n-observem-fruits-de-tardor","status":"publish","type":"post","link":"https:\/\/agora.xtec.cat\/ceippallach-figueres\/6e-2020-2021\/a-2n-observem-fruits-de-tardor\/","title":{"rendered":"Fruits de tardor!"},"content":{"rendered":"<p>Els nens i nenes de segon hem comen\u00e7at el curs estudiant les plantes, i un dia ens vam dedicar a observar alguns fruits de tardor. Ten\u00edem figues, ra\u00efm i magrana. Ens els vam poder mirar per fora i per dins, en vam observar les parts i qui va voler els va tastar. Quan vam haver acabat vam decidir provar de plantar-ne les llavors, a veure si creix alguna planta.<\/p>\n<p>Podeu clicar la imatge per accedir a tot l&#8217;\u00e0lbum de fotografies.<\/p>\n<p><a href=\"https:\/\/goo.gl\/photos\/UZebtcaPbcDywJYt8\"><img loading=\"lazy\" decoding=\"async\" class=\"alignnone wp-image-651\" src=\"http:\/\/agora.xtec.cat\/ceippallach-figueres\/wp-content\/uploads\/usu654\/2016\/10\/collage-1024x1024.jpg\" alt=\"collage\" width=\"458\" height=\"458\" srcset=\"https:\/\/agora.xtec.cat\/ceippallach-figueres\/wp-content\/uploads\/usu654\/2016\/10\/collage-1024x1024.jpg 1024w, https:\/\/agora.xtec.cat\/ceippallach-figueres\/wp-content\/uploads\/usu654\/2016\/10\/collage-150x150.jpg 150w, https:\/\/agora.xtec.cat\/ceippallach-figueres\/wp-content\/uploads\/usu654\/2016\/10\/collage-300x300.jpg 300w, https:\/\/agora.xtec.cat\/ceippallach-figueres\/wp-content\/uploads\/usu654\/2016\/10\/collage-768x768.jpg 768w, https:\/\/agora.xtec.cat\/ceippallach-figueres\/wp-content\/uploads\/usu654\/2016\/10\/collage.jpg 2043w\" sizes=\"auto, (max-width: 458px) 100vw, 458px\" \/><\/a><\/p>\n<p>Uns dies abans hav\u00edem estat treballant el ra\u00efm i la verema amb els ordinadors. Cliqueu a la imatge per fer els exercicis.<\/p>\n<p><a href=\"http:\/\/clic.xtec.cat\/db\/jclicApplet.jsp?project=http:\/\/clic.xtec.cat\/projects\/verema\/jclic\/verema.jclic.zip&amp;lang=ca&amp;title=Del+ra%C3%AFm+a+la+verema\"><img loading=\"lazy\" decoding=\"async\" class=\"alignnone  wp-image-656\" src=\"http:\/\/agora.xtec.cat\/ceippallach-figueres\/wp-content\/uploads\/usu654\/2016\/10\/verem.png\" alt=\"verem\" width=\"165\" height=\"137\" \/><\/a><\/p>\n<p>Tamb\u00e9 vam mirar alguns trossos d&#8217;aquest v\u00eddeo en qu\u00e8 s&#8217;expliquen coses del cultiu del ra\u00efm i la verema:<\/p>\n<p><iframe loading=\"lazy\" src=\"http:\/\/www.ccma.cat\/video\/embed\/5611269\" scrolling=\"no\" frameborder=\"0\" width=\"500px\" height=\"281px\"><\/iframe><\/p>\n","protected":false},"excerpt":{"rendered":"<p>Els nens i nenes de segon hem comen\u00e7at el curs estudiant les plantes, i un dia ens vam dedicar a observar alguns fruits de tardor. <\/p>\n","protected":false},"author":24,"featured_media":651,"comment_status":"open","ping_status":"open","sticky":false,"template":"","format":"standard","meta":{"_bbp_topic_count":0,"_bbp_reply_count":0,"_bbp_total_topic_count":0,"_bbp_total_reply_count":0,"_bbp_voice_count":0,"_bbp_anonymous_reply_count":0,"_bbp_topic_count_hidden":0,"_bbp_reply_count_hidden":0,"_bbp_forum_subforum_count":0,"site-sidebar-layout":"default","site-content-layout":"","ast-site-content-layout":"","site-content-style":"default","site-sidebar-style":"default","ast-global-header-display":"","ast-banner-title-visibility":"","ast-main-header-display":"","ast-hfb-above-header-display":"","ast-hfb-below-header-display":"","ast-hfb-mobile-header-display":"","site-post-title":"","ast-breadcrumbs-content":"","ast-featured-img":"","footer-sml-layout":"","theme-transparent-header-meta":"","adv-header-id-meta":"","stick-header-meta":"","header-above-stick-meta":"","header-main-stick-meta":"","header-below-stick-meta":"","astra-migrate-meta-layouts":"default","ast-page-background-enabled":"default","ast-page-background-meta":{"desktop":{"background-color":"var(--ast-global-color-4)","background-image":"","background-repeat":"repeat","background-position":"center center","background-size":"auto","background-attachment":"scroll","background-type":"","background-media":"","overlay-type":"","overlay-color":"","overlay-opacity":"","overlay-gradient":""},"tablet":{"background-color":"","background-image":"","background-repeat":"repeat","background-position":"center center","background-size":"auto","background-attachment":"scroll","background-type":"","background-media":"","overlay-type":"","overlay-color":"","overlay-opacity":"","overlay-gradient":""},"mobile":{"background-color":"","background-image":"","background-repeat":"repeat","background-position":"center center","background-size":"auto","background-attachment":"scroll","background-type":"","background-media":"","overlay-type":"","overlay-color":"","overlay-opacity":"","overlay-gradient":""}},"ast-content-background-meta":{"desktop":{"background-color":"var(--ast-global-color-5)","background-image":"","background-repeat":"repeat","background-position":"center center","background-size":"auto","background-attachment":"scroll","background-type":"","background-media":"","overlay-type":"","overlay-color":"","overlay-opacity":"","overlay-gradient":""},"tablet":{"background-color":"var(--ast-global-color-5)","background-image":"","background-repeat":"repeat","background-position":"center center","background-size":"auto","background-attachment":"scroll","background-type":"","background-media":"","overlay-type":"","overlay-color":"","overlay-opacity":"","overlay-gradient":""},"mobile":{"background-color":"var(--ast-global-color-5)","background-image":"","background-repeat":"repeat","background-position":"center center","background-size":"auto","background-attachment":"scroll","background-type":"","background-media":"","overlay-type":"","overlay-color":"","overlay-opacity":"","overlay-gradient":""}},"footnotes":""},"categories":[12],"tags":[90,91],"class_list":["post-650","post","type-post","status-publish","format-standard","has-post-thumbnail","hentry","category-6e-2020-2021","tag-fruits","tag-tardor"],"post_mailing_queue_ids":[],"_links":{"self":[{"href":"https:\/\/agora.xtec.cat\/ceippallach-figueres\/wp-json\/wp\/v2\/posts\/650","targetHints":{"allow":["GET"]}}],"collection":[{"href":"https:\/\/agora.xtec.cat\/ceippallach-figueres\/wp-json\/wp\/v2\/posts"}],"about":[{"href":"https:\/\/agora.xtec.cat\/ceippallach-figueres\/wp-json\/wp\/v2\/types\/post"}],"author":[{"embeddable":true,"href":"https:\/\/agora.xtec.cat\/ceippallach-figueres\/wp-json\/wp\/v2\/users\/24"}],"replies":[{"embeddable":true,"href":"https:\/\/agora.xtec.cat\/ceippallach-figueres\/wp-json\/wp\/v2\/comments?post=650"}],"version-history":[{"count":3,"href":"https:\/\/agora.xtec.cat\/ceippallach-figueres\/wp-json\/wp\/v2\/posts\/650\/revisions"}],"predecessor-version":[{"id":658,"href":"https:\/\/agora.xtec.cat\/ceippallach-figueres\/wp-json\/wp\/v2\/posts\/650\/revisions\/658"}],"wp:featuredmedia":[{"embeddable":true,"href":"https:\/\/agora.xtec.cat\/ceippallach-figueres\/wp-json\/wp\/v2\/media\/651"}],"wp:attachment":[{"href":"https:\/\/agora.xtec.cat\/ceippallach-figueres\/wp-json\/wp\/v2\/media?parent=650"}],"wp:term":[{"taxonomy":"category","embeddable":true,"href":"https:\/\/agora.xtec.cat\/ceippallach-figueres\/wp-json\/wp\/v2\/categories?post=650"},{"taxonomy":"post_tag","embeddable":true,"href":"https:\/\/agora.xtec.cat\/ceippallach-figueres\/wp-json\/wp\/v2\/tags?post=650"}],"curies":[{"name":"wp","href":"https:\/\/api.w.org\/{rel}","templated":true}]}}