{"id":6271,"date":"2026-03-12T15:44:39","date_gmt":"2026-03-12T14:44:39","guid":{"rendered":"https:\/\/agora.xtec.cat\/ceippallach-figueres\/?p=6271"},"modified":"2026-03-12T15:44:40","modified_gmt":"2026-03-12T14:44:40","slug":"lalumnat-de-5e-visita-el-museu-dali","status":"publish","type":"post","link":"https:\/\/agora.xtec.cat\/ceippallach-figueres\/portada\/lalumnat-de-5e-visita-el-museu-dali\/","title":{"rendered":"L\u2019alumnat de 5\u00e8 visita el Museu Dal\u00ed"},"content":{"rendered":"\n<p>Aquesta setmana, l\u2019alumnat de 5\u00e8 ha realitzat una sortida cultural al Museu Dal\u00ed, una experi\u00e8ncia molt especial que ha perm\u00e8s connectar el treball fet a l\u2019aula amb l\u2019art i el patrimoni de la ciutat.<\/p>\n\n\n\n<p>Des de l\u2019\u00e0rea de Pl\u00e0stica, pr\u00e8viament s\u2019havia treballat l\u2019obra <em>La Madonna de Port Lligat<\/em>, aprofundint en el seu significat, els elements visuals i el llenguatge art\u00edstic de Salvador Dal\u00ed. Gr\u00e0cies a aquest treball previ, l\u2019alumnat va poder apropar-se a la visita amb una mirada m\u00e9s atenta i cr\u00edtica.<\/p>\n\n\n\n<p>Durant la sortida, primer van visitar l\u2019exposici\u00f3 temporal dedicada a aquesta obra, fet que els va permetre recon\u00e8ixer all\u00f2 treballat a classe i ampliar coneixements. Tot seguit, van realitzar un recorregut pel museu, descobrint de prop l\u2019univers surrealista de Dal\u00ed i les seves creacions m\u00e9s emblem\u00e0tiques.<\/p>\n\n\n\n<p>Va ser una experi\u00e8ncia molt enriquidora, que va despertar curiositat, inter\u00e8s i ganes d\u2019aprendre, i que va ajudar l\u2019alumnat a entendre l\u2019art com una forma d\u2019expressi\u00f3 viva i propera<\/p>\n\n\n\n<figure class=\"wp-block-image size-large\"><a href=\"https:\/\/photos.app.goo.gl\/jYgyk4jcXqkom74a7\"><img loading=\"lazy\" decoding=\"async\" width=\"1024\" height=\"761\" src=\"https:\/\/agora.xtec.cat\/ceippallach-figueres\/wp-content\/uploads\/usu654\/2026\/02\/portada-dali-1024x761.png\" alt=\"\" class=\"wp-image-6280\" srcset=\"https:\/\/agora.xtec.cat\/ceippallach-figueres\/wp-content\/uploads\/usu654\/2026\/02\/portada-dali-1024x761.png 1024w, https:\/\/agora.xtec.cat\/ceippallach-figueres\/wp-content\/uploads\/usu654\/2026\/02\/portada-dali-300x223.png 300w, https:\/\/agora.xtec.cat\/ceippallach-figueres\/wp-content\/uploads\/usu654\/2026\/02\/portada-dali-768x571.png 768w, https:\/\/agora.xtec.cat\/ceippallach-figueres\/wp-content\/uploads\/usu654\/2026\/02\/portada-dali.png 1095w\" sizes=\"auto, (max-width: 1024px) 100vw, 1024px\" \/><\/a><\/figure>\n\n\n\n<p><\/p>\n","protected":false},"excerpt":{"rendered":"<p>L\u2019alumnat de 5\u00e8 ha realitzat una sortida cultural al Museu Dal\u00ed, una experi\u00e8ncia molt especial que ha perm\u00e8s connectar el treball fet a l\u2019aula amb l\u2019art i el patrimoni de la ciutat.<\/p>\n","protected":false},"author":66,"featured_media":6280,"comment_status":"open","ping_status":"open","sticky":false,"template":"","format":"standard","meta":{"_bbp_topic_count":0,"_bbp_reply_count":0,"_bbp_total_topic_count":0,"_bbp_total_reply_count":0,"_bbp_voice_count":0,"_bbp_anonymous_reply_count":0,"_bbp_topic_count_hidden":0,"_bbp_reply_count_hidden":0,"_bbp_forum_subforum_count":0,"site-sidebar-layout":"default","site-content-layout":"","ast-site-content-layout":"default","site-content-style":"default","site-sidebar-style":"default","ast-global-header-display":"","ast-banner-title-visibility":"","ast-main-header-display":"","ast-hfb-above-header-display":"","ast-hfb-below-header-display":"","ast-hfb-mobile-header-display":"","site-post-title":"","ast-breadcrumbs-content":"","ast-featured-img":"","footer-sml-layout":"","theme-transparent-header-meta":"","adv-header-id-meta":"","stick-header-meta":"","header-above-stick-meta":"","header-main-stick-meta":"","header-below-stick-meta":"","astra-migrate-meta-layouts":"set","ast-page-background-enabled":"default","ast-page-background-meta":{"desktop":{"background-color":"var(--ast-global-color-4)","background-image":"","background-repeat":"repeat","background-position":"center center","background-size":"auto","background-attachment":"scroll","background-type":"","background-media":"","overlay-type":"","overlay-color":"","overlay-opacity":"","overlay-gradient":""},"tablet":{"background-color":"","background-image":"","background-repeat":"repeat","background-position":"center center","background-size":"auto","background-attachment":"scroll","background-type":"","background-media":"","overlay-type":"","overlay-color":"","overlay-opacity":"","overlay-gradient":""},"mobile":{"background-color":"","background-image":"","background-repeat":"repeat","background-position":"center center","background-size":"auto","background-attachment":"scroll","background-type":"","background-media":"","overlay-type":"","overlay-color":"","overlay-opacity":"","overlay-gradient":""}},"ast-content-background-meta":{"desktop":{"background-color":"var(--ast-global-color-5)","background-image":"","background-repeat":"repeat","background-position":"center center","background-size":"auto","background-attachment":"scroll","background-type":"","background-media":"","overlay-type":"","overlay-color":"","overlay-opacity":"","overlay-gradient":""},"tablet":{"background-color":"var(--ast-global-color-5)","background-image":"","background-repeat":"repeat","background-position":"center center","background-size":"auto","background-attachment":"scroll","background-type":"","background-media":"","overlay-type":"","overlay-color":"","overlay-opacity":"","overlay-gradient":""},"mobile":{"background-color":"var(--ast-global-color-5)","background-image":"","background-repeat":"repeat","background-position":"center center","background-size":"auto","background-attachment":"scroll","background-type":"","background-media":"","overlay-type":"","overlay-color":"","overlay-opacity":"","overlay-gradient":""}},"footnotes":""},"categories":[381,4],"tags":[197,198,126],"class_list":["post-6271","post","type-post","status-publish","format-standard","has-post-thumbnail","hentry","category-5e","category-portada","tag-dali","tag-museu","tag-sortida"],"post_mailing_queue_ids":[],"_links":{"self":[{"href":"https:\/\/agora.xtec.cat\/ceippallach-figueres\/wp-json\/wp\/v2\/posts\/6271","targetHints":{"allow":["GET"]}}],"collection":[{"href":"https:\/\/agora.xtec.cat\/ceippallach-figueres\/wp-json\/wp\/v2\/posts"}],"about":[{"href":"https:\/\/agora.xtec.cat\/ceippallach-figueres\/wp-json\/wp\/v2\/types\/post"}],"author":[{"embeddable":true,"href":"https:\/\/agora.xtec.cat\/ceippallach-figueres\/wp-json\/wp\/v2\/users\/66"}],"replies":[{"embeddable":true,"href":"https:\/\/agora.xtec.cat\/ceippallach-figueres\/wp-json\/wp\/v2\/comments?post=6271"}],"version-history":[{"count":4,"href":"https:\/\/agora.xtec.cat\/ceippallach-figueres\/wp-json\/wp\/v2\/posts\/6271\/revisions"}],"predecessor-version":[{"id":6309,"href":"https:\/\/agora.xtec.cat\/ceippallach-figueres\/wp-json\/wp\/v2\/posts\/6271\/revisions\/6309"}],"wp:featuredmedia":[{"embeddable":true,"href":"https:\/\/agora.xtec.cat\/ceippallach-figueres\/wp-json\/wp\/v2\/media\/6280"}],"wp:attachment":[{"href":"https:\/\/agora.xtec.cat\/ceippallach-figueres\/wp-json\/wp\/v2\/media?parent=6271"}],"wp:term":[{"taxonomy":"category","embeddable":true,"href":"https:\/\/agora.xtec.cat\/ceippallach-figueres\/wp-json\/wp\/v2\/categories?post=6271"},{"taxonomy":"post_tag","embeddable":true,"href":"https:\/\/agora.xtec.cat\/ceippallach-figueres\/wp-json\/wp\/v2\/tags?post=6271"}],"curies":[{"name":"wp","href":"https:\/\/api.w.org\/{rel}","templated":true}]}}