{"id":6128,"date":"2025-11-11T18:45:29","date_gmt":"2025-11-11T17:45:29","guid":{"rendered":"https:\/\/agora.xtec.cat\/ceippallach-figueres\/?p=6128"},"modified":"2025-11-11T18:45:30","modified_gmt":"2025-11-11T17:45:30","slug":"i5-al-camina-descalc","status":"publish","type":"post","link":"https:\/\/agora.xtec.cat\/ceippallach-figueres\/infantil\/i5-al-camina-descalc\/","title":{"rendered":"I5 AL CAMINA DESCAL\u00c7"},"content":{"rendered":"\n<p>El passat <strong>27 d\u2019octubre<\/strong>, els nens i nenes d\u2019<strong>Infantil 5<\/strong> vam gaudir d\u2019un dia molt especial a <strong>Selva Aventura<\/strong>, a Arb\u00facies. All\u00e0 vam participar en l\u2019activitat <strong>\u201cCamina descal\u00e7\u201d<\/strong>, una experi\u00e8ncia sensorial que ens va permetre descobrir i experimentar diferents textures i sensacions amb els peus.<\/p>\n\n\n\n<p>Tot caminant per circuits naturals plens de materials com fulles seques, fang, pedretes, sorra o troncs, vam aprendre a escoltar el nostre cos i a connectar amb la natura d\u2019una manera diferent i divertida. Els infants van mostrar molta curiositat i entusiasme davant de cada superf\u00edcie nova, tot comentant les sensacions que notaven i compartint rialles amb els companys.<\/p>\n\n\n\n<p>Va ser una <strong>sortida molt enriquidora<\/strong>, que va afavorir el contacte directe amb l\u2019entorn, la consci\u00e8ncia corporal i el treball sensorial, alhora que vam passar un dia magn\u00edfic en plena natura, gaudint de la conviv\u00e8ncia i el joc.<\/p>\n\n\n\n<figure class=\"wp-block-image size-large is-resized\"><a href=\"https:\/\/photos.app.goo.gl\/Tgo9ZXGmwPVh94fY7\"><img loading=\"lazy\" decoding=\"async\" width=\"1024\" height=\"1024\" src=\"https:\/\/agora.xtec.cat\/ceippallach-figueres\/wp-content\/uploads\/usu654\/2025\/11\/IMG_9235-COLLAGE-1024x1024.jpg\" alt=\"\" class=\"wp-image-6129\" style=\"width:438px;height:auto\" srcset=\"https:\/\/agora.xtec.cat\/ceippallach-figueres\/wp-content\/uploads\/usu654\/2025\/11\/IMG_9235-COLLAGE-1024x1024.jpg 1024w, https:\/\/agora.xtec.cat\/ceippallach-figueres\/wp-content\/uploads\/usu654\/2025\/11\/IMG_9235-COLLAGE-300x300.jpg 300w, https:\/\/agora.xtec.cat\/ceippallach-figueres\/wp-content\/uploads\/usu654\/2025\/11\/IMG_9235-COLLAGE-150x150.jpg 150w, https:\/\/agora.xtec.cat\/ceippallach-figueres\/wp-content\/uploads\/usu654\/2025\/11\/IMG_9235-COLLAGE-768x768.jpg 768w, https:\/\/agora.xtec.cat\/ceippallach-figueres\/wp-content\/uploads\/usu654\/2025\/11\/IMG_9235-COLLAGE-1536x1536.jpg 1536w, https:\/\/agora.xtec.cat\/ceippallach-figueres\/wp-content\/uploads\/usu654\/2025\/11\/IMG_9235-COLLAGE.jpg 2046w\" sizes=\"auto, (max-width: 1024px) 100vw, 1024px\" \/><\/a><\/figure>\n","protected":false},"excerpt":{"rendered":"<p>El passat 27 d\u2019octubre, els nens i nenes d\u2019Infantil 5 vam gaudir d\u2019un dia molt especial a Selva Aventura, a Arb\u00facies. All\u00e0 vam participar en l\u2019activitat \u201cCamina descal\u00e7\u201d, una experi\u00e8ncia sensorial que ens va permetre descobrir i experimentar diferents textures i sensacions amb els peus.<\/p>\n","protected":false},"author":64,"featured_media":6129,"comment_status":"open","ping_status":"open","sticky":false,"template":"","format":"standard","meta":{"_bbp_topic_count":0,"_bbp_reply_count":0,"_bbp_total_topic_count":0,"_bbp_total_reply_count":0,"_bbp_voice_count":0,"_bbp_anonymous_reply_count":0,"_bbp_topic_count_hidden":0,"_bbp_reply_count_hidden":0,"_bbp_forum_subforum_count":0,"site-sidebar-layout":"default","site-content-layout":"","ast-site-content-layout":"default","site-content-style":"default","site-sidebar-style":"default","ast-global-header-display":"","ast-banner-title-visibility":"","ast-main-header-display":"","ast-hfb-above-header-display":"","ast-hfb-below-header-display":"","ast-hfb-mobile-header-display":"","site-post-title":"","ast-breadcrumbs-content":"","ast-featured-img":"","footer-sml-layout":"","theme-transparent-header-meta":"","adv-header-id-meta":"","stick-header-meta":"","header-above-stick-meta":"","header-main-stick-meta":"","header-below-stick-meta":"","astra-migrate-meta-layouts":"set","ast-page-background-enabled":"default","ast-page-background-meta":{"desktop":{"background-color":"var(--ast-global-color-4)","background-image":"","background-repeat":"repeat","background-position":"center center","background-size":"auto","background-attachment":"scroll","background-type":"","background-media":"","overlay-type":"","overlay-color":"","overlay-opacity":"","overlay-gradient":""},"tablet":{"background-color":"","background-image":"","background-repeat":"repeat","background-position":"center center","background-size":"auto","background-attachment":"scroll","background-type":"","background-media":"","overlay-type":"","overlay-color":"","overlay-opacity":"","overlay-gradient":""},"mobile":{"background-color":"","background-image":"","background-repeat":"repeat","background-position":"center center","background-size":"auto","background-attachment":"scroll","background-type":"","background-media":"","overlay-type":"","overlay-color":"","overlay-opacity":"","overlay-gradient":""}},"ast-content-background-meta":{"desktop":{"background-color":"var(--ast-global-color-5)","background-image":"","background-repeat":"repeat","background-position":"center center","background-size":"auto","background-attachment":"scroll","background-type":"","background-media":"","overlay-type":"","overlay-color":"","overlay-opacity":"","overlay-gradient":""},"tablet":{"background-color":"var(--ast-global-color-5)","background-image":"","background-repeat":"repeat","background-position":"center center","background-size":"auto","background-attachment":"scroll","background-type":"","background-media":"","overlay-type":"","overlay-color":"","overlay-opacity":"","overlay-gradient":""},"mobile":{"background-color":"var(--ast-global-color-5)","background-image":"","background-repeat":"repeat","background-position":"center center","background-size":"auto","background-attachment":"scroll","background-type":"","background-media":"","overlay-type":"","overlay-color":"","overlay-opacity":"","overlay-gradient":""}},"footnotes":""},"categories":[548,2,4],"tags":[128,583,431,126],"class_list":["post-6128","post","type-post","status-publish","format-standard","has-post-thumbnail","hentry","category-i5","category-infantil","category-portada","tag-excursio","tag-peus","tag-sentits","tag-sortida"],"post_mailing_queue_ids":[],"_links":{"self":[{"href":"https:\/\/agora.xtec.cat\/ceippallach-figueres\/wp-json\/wp\/v2\/posts\/6128","targetHints":{"allow":["GET"]}}],"collection":[{"href":"https:\/\/agora.xtec.cat\/ceippallach-figueres\/wp-json\/wp\/v2\/posts"}],"about":[{"href":"https:\/\/agora.xtec.cat\/ceippallach-figueres\/wp-json\/wp\/v2\/types\/post"}],"author":[{"embeddable":true,"href":"https:\/\/agora.xtec.cat\/ceippallach-figueres\/wp-json\/wp\/v2\/users\/64"}],"replies":[{"embeddable":true,"href":"https:\/\/agora.xtec.cat\/ceippallach-figueres\/wp-json\/wp\/v2\/comments?post=6128"}],"version-history":[{"count":2,"href":"https:\/\/agora.xtec.cat\/ceippallach-figueres\/wp-json\/wp\/v2\/posts\/6128\/revisions"}],"predecessor-version":[{"id":6131,"href":"https:\/\/agora.xtec.cat\/ceippallach-figueres\/wp-json\/wp\/v2\/posts\/6128\/revisions\/6131"}],"wp:featuredmedia":[{"embeddable":true,"href":"https:\/\/agora.xtec.cat\/ceippallach-figueres\/wp-json\/wp\/v2\/media\/6129"}],"wp:attachment":[{"href":"https:\/\/agora.xtec.cat\/ceippallach-figueres\/wp-json\/wp\/v2\/media?parent=6128"}],"wp:term":[{"taxonomy":"category","embeddable":true,"href":"https:\/\/agora.xtec.cat\/ceippallach-figueres\/wp-json\/wp\/v2\/categories?post=6128"},{"taxonomy":"post_tag","embeddable":true,"href":"https:\/\/agora.xtec.cat\/ceippallach-figueres\/wp-json\/wp\/v2\/tags?post=6128"}],"curies":[{"name":"wp","href":"https:\/\/api.w.org\/{rel}","templated":true}]}}