{"id":6035,"date":"2025-10-27T13:09:03","date_gmt":"2025-10-27T12:09:03","guid":{"rendered":"https:\/\/agora.xtec.cat\/ceippallach-figueres\/?p=6035"},"modified":"2025-10-27T13:09:04","modified_gmt":"2025-10-27T12:09:04","slug":"sortida-de-primer-a-la-vajol","status":"publish","type":"post","link":"https:\/\/agora.xtec.cat\/ceippallach-figueres\/portada\/sortida-de-primer-a-la-vajol\/","title":{"rendered":"Sortida de primer a la Vajol"},"content":{"rendered":"\n<h3 class=\"wp-block-heading\"><strong>Sortida de tardor a la Vajol amb els alumnes de primer<\/strong><\/h3>\n\n\n\n<figure class=\"wp-block-image size-large\"><a href=\"https:\/\/photos.app.goo.gl\/pWceFmFFFn7gEarK9\"><img loading=\"lazy\" decoding=\"async\" width=\"1024\" height=\"1024\" src=\"https:\/\/agora.xtec.cat\/ceippallach-figueres\/wp-content\/uploads\/usu654\/2025\/10\/IMG_1263-COLLAGE-1024x1024.jpg\" alt=\"\" class=\"wp-image-6060\" srcset=\"https:\/\/agora.xtec.cat\/ceippallach-figueres\/wp-content\/uploads\/usu654\/2025\/10\/IMG_1263-COLLAGE-1024x1024.jpg 1024w, https:\/\/agora.xtec.cat\/ceippallach-figueres\/wp-content\/uploads\/usu654\/2025\/10\/IMG_1263-COLLAGE-300x300.jpg 300w, https:\/\/agora.xtec.cat\/ceippallach-figueres\/wp-content\/uploads\/usu654\/2025\/10\/IMG_1263-COLLAGE-150x150.jpg 150w, https:\/\/agora.xtec.cat\/ceippallach-figueres\/wp-content\/uploads\/usu654\/2025\/10\/IMG_1263-COLLAGE-768x768.jpg 768w, https:\/\/agora.xtec.cat\/ceippallach-figueres\/wp-content\/uploads\/usu654\/2025\/10\/IMG_1263-COLLAGE-1536x1536.jpg 1536w, https:\/\/agora.xtec.cat\/ceippallach-figueres\/wp-content\/uploads\/usu654\/2025\/10\/IMG_1263-COLLAGE.jpg 2046w\" sizes=\"auto, (max-width: 1024px) 100vw, 1024px\" \/><\/a><\/figure>\n\n\n\n<p>Divendres 24 d\u2019octubre de 2025, l\u2019alumnat de primer de cicle inicial va fer una sortida a la Vajol per celebrar l\u2019arribada de la tardor. Va ser un dia molt especial, ple de descobertes i de moments compartits entre companyes i companys.<\/p>\n\n\n\n<p>Al llarg del mat\u00ed, van caminar pels camins del bosc i van poder observar com la natura canviava de colors: els arbres tenyits de tons vermells, grocs i taronges, l\u2019olor de les fulles seques i l\u2019aire fresquet propi d\u2019aquesta \u00e8poca de l\u2019any. Durant la passejada, van recollir fulles, pinyes, castanyes i aglans, que m\u00e9s endavant van utilitzar per preparar el rac\u00f3 de la tardor al passad\u00eds de l&#8217;escola.<\/p>\n\n\n\n<p>L&#8217;alumnat s\u2019ho va passar d\u2019all\u00f2 m\u00e9s b\u00e9, gaudint de la natura i descobrint molts elements t\u00edpics de la temporada. Va ser una experi\u00e8ncia enriquidora que els va permetre aprendre a observar, estimar i respectar l\u2019entorn natural, mentre compartien moments de conviv\u00e8ncia i alegria.<\/p>\n\n\n\n<p>Tothom va tornar a l\u2019escola content, carregat de bons records i amb moltes ganes d\u2019explicar tot el que havia viscut durant aquesta bonica sortida de tardor.<\/p>\n\n\n\n<p>Un dels moments m\u00e9s divertits i entranyables del dia va ser quan, tot seguint el cam\u00ed dels exiliats, el grup va descobrir que era molt a prop de Fran\u00e7a. Entre rialles, van exclamar amb entusiasme: \u201cestem a tocar de Fran\u00e7a!\u201d.<\/p>\n\n\n\n<p><\/p>\n","protected":false},"excerpt":{"rendered":"<p>Divendres 24 d\u2019octubre de 2025, l\u2019alumnat de primer de cicle inicial va fer una sortida a la Vajol per celebrar l\u2019arribada de la tardor. Va ser un dia molt especial, ple de descobertes i de moments compartits entre companyes i companys.<\/p>\n","protected":false},"author":63,"featured_media":6060,"comment_status":"open","ping_status":"open","sticky":false,"template":"","format":"standard","meta":{"_bbp_topic_count":0,"_bbp_reply_count":0,"_bbp_total_topic_count":0,"_bbp_total_reply_count":0,"_bbp_voice_count":0,"_bbp_anonymous_reply_count":0,"_bbp_topic_count_hidden":0,"_bbp_reply_count_hidden":0,"_bbp_forum_subforum_count":0,"site-sidebar-layout":"default","site-content-layout":"","ast-site-content-layout":"default","site-content-style":"default","site-sidebar-style":"default","ast-global-header-display":"","ast-banner-title-visibility":"","ast-main-header-display":"","ast-hfb-above-header-display":"","ast-hfb-below-header-display":"","ast-hfb-mobile-header-display":"","site-post-title":"","ast-breadcrumbs-content":"","ast-featured-img":"","footer-sml-layout":"","theme-transparent-header-meta":"","adv-header-id-meta":"","stick-header-meta":"","header-above-stick-meta":"","header-main-stick-meta":"","header-below-stick-meta":"","astra-migrate-meta-layouts":"set","ast-page-background-enabled":"default","ast-page-background-meta":{"desktop":{"background-color":"var(--ast-global-color-4)","background-image":"","background-repeat":"repeat","background-position":"center center","background-size":"auto","background-attachment":"scroll","background-type":"","background-media":"","overlay-type":"","overlay-color":"","overlay-opacity":"","overlay-gradient":""},"tablet":{"background-color":"","background-image":"","background-repeat":"repeat","background-position":"center center","background-size":"auto","background-attachment":"scroll","background-type":"","background-media":"","overlay-type":"","overlay-color":"","overlay-opacity":"","overlay-gradient":""},"mobile":{"background-color":"","background-image":"","background-repeat":"repeat","background-position":"center center","background-size":"auto","background-attachment":"scroll","background-type":"","background-media":"","overlay-type":"","overlay-color":"","overlay-opacity":"","overlay-gradient":""}},"ast-content-background-meta":{"desktop":{"background-color":"var(--ast-global-color-5)","background-image":"","background-repeat":"repeat","background-position":"center center","background-size":"auto","background-attachment":"scroll","background-type":"","background-media":"","overlay-type":"","overlay-color":"","overlay-opacity":"","overlay-gradient":""},"tablet":{"background-color":"var(--ast-global-color-5)","background-image":"","background-repeat":"repeat","background-position":"center center","background-size":"auto","background-attachment":"scroll","background-type":"","background-media":"","overlay-type":"","overlay-color":"","overlay-opacity":"","overlay-gradient":""},"mobile":{"background-color":"var(--ast-global-color-5)","background-image":"","background-repeat":"repeat","background-position":"center center","background-size":"auto","background-attachment":"scroll","background-type":"","background-media":"","overlay-type":"","overlay-color":"","overlay-opacity":"","overlay-gradient":""}},"footnotes":""},"categories":[534,4],"tags":[578,125,579],"class_list":["post-6035","post","type-post","status-publish","format-standard","has-post-thumbnail","hentry","category-1r","category-portada","tag-la-tardor","tag-la-vajol","tag-sortida-primer"],"post_mailing_queue_ids":[],"_links":{"self":[{"href":"https:\/\/agora.xtec.cat\/ceippallach-figueres\/wp-json\/wp\/v2\/posts\/6035","targetHints":{"allow":["GET"]}}],"collection":[{"href":"https:\/\/agora.xtec.cat\/ceippallach-figueres\/wp-json\/wp\/v2\/posts"}],"about":[{"href":"https:\/\/agora.xtec.cat\/ceippallach-figueres\/wp-json\/wp\/v2\/types\/post"}],"author":[{"embeddable":true,"href":"https:\/\/agora.xtec.cat\/ceippallach-figueres\/wp-json\/wp\/v2\/users\/63"}],"replies":[{"embeddable":true,"href":"https:\/\/agora.xtec.cat\/ceippallach-figueres\/wp-json\/wp\/v2\/comments?post=6035"}],"version-history":[{"count":5,"href":"https:\/\/agora.xtec.cat\/ceippallach-figueres\/wp-json\/wp\/v2\/posts\/6035\/revisions"}],"predecessor-version":[{"id":6061,"href":"https:\/\/agora.xtec.cat\/ceippallach-figueres\/wp-json\/wp\/v2\/posts\/6035\/revisions\/6061"}],"wp:featuredmedia":[{"embeddable":true,"href":"https:\/\/agora.xtec.cat\/ceippallach-figueres\/wp-json\/wp\/v2\/media\/6060"}],"wp:attachment":[{"href":"https:\/\/agora.xtec.cat\/ceippallach-figueres\/wp-json\/wp\/v2\/media?parent=6035"}],"wp:term":[{"taxonomy":"category","embeddable":true,"href":"https:\/\/agora.xtec.cat\/ceippallach-figueres\/wp-json\/wp\/v2\/categories?post=6035"},{"taxonomy":"post_tag","embeddable":true,"href":"https:\/\/agora.xtec.cat\/ceippallach-figueres\/wp-json\/wp\/v2\/tags?post=6035"}],"curies":[{"name":"wp","href":"https:\/\/api.w.org\/{rel}","templated":true}]}}