{"id":5257,"date":"2023-06-06T13:23:44","date_gmt":"2023-06-06T11:23:44","guid":{"rendered":"https:\/\/agora.xtec.cat\/ceippallach-figueres\/?p=5257"},"modified":"2024-12-19T16:02:41","modified_gmt":"2024-12-19T15:02:41","slug":"mostra-de-dansa-del-palnter","status":"publish","type":"post","link":"https:\/\/agora.xtec.cat\/ceippallach-figueres\/6e-2024-2025\/mostra-de-dansa-del-palnter\/","title":{"rendered":"Mostra de dansa del planter"},"content":{"rendered":"<p><span style=\"font-weight: 400;\">El passat dijous 1 de juny els alumnes de quart van realitzar la mostra de dansa al teatre Jard\u00ed.<\/span><\/p>\n<p><span style=\"font-weight: 400;\">Els alumnes comencen a tercer el planter de dansa, i ara a quart finalitzen amb una petita mostra de tot el que han anat aprenent al llarg dels dos cursos a les hores d\u2019educaci\u00f3 f\u00edsica amb l\u2019ajuda de l\u2019artista\/ballarina Georgina Avil\u00e9s. Actualment tenen la sort de poder seguir en aquest proc\u00e9s d\u2019aprenentatge de la dansa a trav\u00e9s de l\u2019extraescolar que poden fer a l\u2019escola i que els dona l\u2019oportunitat de participar en espectacles i gaudir de la programaci\u00f3 de dansa durant tot el curs de manera gratu\u00efta.<\/span><\/p>\n<p><span style=\"font-weight: 400;\">Durant aquests dos anys a part d\u2019aprendre l\u2019ocupaci\u00f3 a l\u2019espai, la segmentaci\u00f3 del nostre cos, diferents despla\u00e7aments i maneres de moure el cos\u2026 han treballat coses molt importants que toquen al nostre interior: les emocions i com ens afecten.\u00a0<\/span><\/p>\n<p><span style=\"font-weight: 400;\">A trav\u00e9s de la m\u00fasica i la dansa han viscut<\/span><b> l\u2019alegria<\/b><span style=\"font-weight: 400;\"> de superar reptes, la <\/span><b>tristesa amb el des\u00e0nim<\/b><span style=\"font-weight: 400;\"> fins i tot la<\/span><b> r\u00e0bia i la frustraci\u00f3<\/b><span style=\"font-weight: 400;\">, la <\/span><b>calma<\/b><span style=\"font-weight: 400;\"> al relaxar-se i respirar profundament, el<\/span><b> plaer dels moviments, la confian\u00e7a <\/b><span style=\"font-weight: 400;\">amb el grup i companys, tamb\u00e9 la <\/span><b>por<\/b><span style=\"font-weight: 400;\"> a trav\u00e9s de la <\/span><b>preocupaci\u00f3<\/b><span style=\"font-weight: 400;\">, la inseguretat d\u2019ensortir-se, i el dia de l&#8217;actuaci\u00f3 la vergonya es va transformar en felicitat i gratitud.<\/span><\/p>\n<div class=\"ast-oembed-container \" style=\"height: 100%;\"><iframe loading=\"lazy\" title=\"Mostra \u201cPlanters\u201d de dansa de l\u2019Escola Josep Pallach de Figueres (curs 2022-23)\" width=\"500\" height=\"281\" src=\"https:\/\/www.youtube.com\/embed\/jidRXdvDLCk?feature=oembed\" frameborder=\"0\" allow=\"accelerometer; autoplay; clipboard-write; encrypted-media; gyroscope; picture-in-picture; web-share\" referrerpolicy=\"strict-origin-when-cross-origin\" allowfullscreen><\/iframe><\/div>\n<p>Us adjuntem les <a href=\"https:\/\/photos.app.goo.gl\/TDpqBkwtwGazXWFL9\">projeccions que es van fer durant la mostra<\/a> i totes les <a href=\"https:\/\/photos.app.goo.gl\/xHr87wdjme63EXEX7\">fotos<\/a> fetes per l&#8217;Erika Pr\u00fcfert.<\/p>\n","protected":false},"excerpt":{"rendered":"<p>El passat dijous 1 de juny els alumnes de quart van realitzar la mostra de dansa al teatre Jard\u00ed.<\/p>\n<p>Aqu\u00ed hi teniu la gravaci\u00f3 de l&#8217;espectacle i una explicaci\u00f3 del projecte.<\/p>\n","protected":false},"author":8,"featured_media":5259,"comment_status":"open","ping_status":"closed","sticky":false,"template":"","format":"standard","meta":{"_bbp_topic_count":0,"_bbp_reply_count":0,"_bbp_total_topic_count":0,"_bbp_total_reply_count":0,"_bbp_voice_count":0,"_bbp_anonymous_reply_count":0,"_bbp_topic_count_hidden":0,"_bbp_reply_count_hidden":0,"_bbp_forum_subforum_count":0,"site-sidebar-layout":"default","site-content-layout":"","ast-site-content-layout":"","site-content-style":"default","site-sidebar-style":"default","ast-global-header-display":"","ast-banner-title-visibility":"","ast-main-header-display":"","ast-hfb-above-header-display":"","ast-hfb-below-header-display":"","ast-hfb-mobile-header-display":"","site-post-title":"","ast-breadcrumbs-content":"","ast-featured-img":"","footer-sml-layout":"","theme-transparent-header-meta":"","adv-header-id-meta":"","stick-header-meta":"","header-above-stick-meta":"","header-main-stick-meta":"","header-below-stick-meta":"","astra-migrate-meta-layouts":"default","ast-page-background-enabled":"default","ast-page-background-meta":{"desktop":{"background-color":"var(--ast-global-color-4)","background-image":"","background-repeat":"repeat","background-position":"center center","background-size":"auto","background-attachment":"scroll","background-type":"","background-media":"","overlay-type":"","overlay-color":"","overlay-opacity":"","overlay-gradient":""},"tablet":{"background-color":"","background-image":"","background-repeat":"repeat","background-position":"center center","background-size":"auto","background-attachment":"scroll","background-type":"","background-media":"","overlay-type":"","overlay-color":"","overlay-opacity":"","overlay-gradient":""},"mobile":{"background-color":"","background-image":"","background-repeat":"repeat","background-position":"center center","background-size":"auto","background-attachment":"scroll","background-type":"","background-media":"","overlay-type":"","overlay-color":"","overlay-opacity":"","overlay-gradient":""}},"ast-content-background-meta":{"desktop":{"background-color":"var(--ast-global-color-5)","background-image":"","background-repeat":"repeat","background-position":"center center","background-size":"auto","background-attachment":"scroll","background-type":"","background-media":"","overlay-type":"","overlay-color":"","overlay-opacity":"","overlay-gradient":""},"tablet":{"background-color":"var(--ast-global-color-5)","background-image":"","background-repeat":"repeat","background-position":"center center","background-size":"auto","background-attachment":"scroll","background-type":"","background-media":"","overlay-type":"","overlay-color":"","overlay-opacity":"","overlay-gradient":""},"mobile":{"background-color":"var(--ast-global-color-5)","background-image":"","background-repeat":"repeat","background-position":"center center","background-size":"auto","background-attachment":"scroll","background-type":"","background-media":"","overlay-type":"","overlay-color":"","overlay-opacity":"","overlay-gradient":""}},"footnotes":""},"categories":[8,527],"tags":[543,541],"class_list":["post-5257","post","type-post","status-publish","format-standard","has-post-thumbnail","hentry","category-6e-2024-2025","category-planter_de_dansa","tag-dansa","tag-educacio-emocional"],"post_mailing_queue_ids":[],"_links":{"self":[{"href":"https:\/\/agora.xtec.cat\/ceippallach-figueres\/wp-json\/wp\/v2\/posts\/5257","targetHints":{"allow":["GET"]}}],"collection":[{"href":"https:\/\/agora.xtec.cat\/ceippallach-figueres\/wp-json\/wp\/v2\/posts"}],"about":[{"href":"https:\/\/agora.xtec.cat\/ceippallach-figueres\/wp-json\/wp\/v2\/types\/post"}],"author":[{"embeddable":true,"href":"https:\/\/agora.xtec.cat\/ceippallach-figueres\/wp-json\/wp\/v2\/users\/8"}],"replies":[{"embeddable":true,"href":"https:\/\/agora.xtec.cat\/ceippallach-figueres\/wp-json\/wp\/v2\/comments?post=5257"}],"version-history":[{"count":4,"href":"https:\/\/agora.xtec.cat\/ceippallach-figueres\/wp-json\/wp\/v2\/posts\/5257\/revisions"}],"predecessor-version":[{"id":5275,"href":"https:\/\/agora.xtec.cat\/ceippallach-figueres\/wp-json\/wp\/v2\/posts\/5257\/revisions\/5275"}],"wp:featuredmedia":[{"embeddable":true,"href":"https:\/\/agora.xtec.cat\/ceippallach-figueres\/wp-json\/wp\/v2\/media\/5259"}],"wp:attachment":[{"href":"https:\/\/agora.xtec.cat\/ceippallach-figueres\/wp-json\/wp\/v2\/media?parent=5257"}],"wp:term":[{"taxonomy":"category","embeddable":true,"href":"https:\/\/agora.xtec.cat\/ceippallach-figueres\/wp-json\/wp\/v2\/categories?post=5257"},{"taxonomy":"post_tag","embeddable":true,"href":"https:\/\/agora.xtec.cat\/ceippallach-figueres\/wp-json\/wp\/v2\/tags?post=5257"}],"curies":[{"name":"wp","href":"https:\/\/api.w.org\/{rel}","templated":true}]}}