{"id":4891,"date":"2022-05-18T13:54:15","date_gmt":"2022-05-18T11:54:15","guid":{"rendered":"https:\/\/agora.xtec.cat\/ceippallach-figueres\/?p=4891"},"modified":"2026-02-23T13:50:31","modified_gmt":"2026-02-23T12:50:31","slug":"una-tarda-a-lescola","status":"publish","type":"post","link":"https:\/\/agora.xtec.cat\/ceippallach-figueres\/afa\/una-tarda-a-lescola\/","title":{"rendered":"Una tarda a l&#8217;escola 2022!"},"content":{"rendered":"<p>El divendres 20 de maig obrim les portes de l&#8217;escola a les fam\u00edlies. A partir de les cinc oferim la possibilitat de visitar les aules per veure el qu\u00e9 s&#8217;hi fa i assistir a la xerrada &#8220;Idees per esmorzars i berenars saludables&#8221; a c\u00e0rrec de la nutricionista Cl\u00e0udia Presas. Un cop acabem, a dos quarts de set, farem un berenar compartit al pati de l&#8217;escola.<\/p>\n<p><a href=\"https:\/\/agora.xtec.cat\/ceippallach-figueres\/wp-content\/uploads\/usu654\/2022\/05\/JORNADA-PORTES-OBERTES-A-LES-FAMILIES.png\"><img loading=\"lazy\" decoding=\"async\" class=\"alignnone size-large wp-image-4892\" src=\"https:\/\/agora.xtec.cat\/ceippallach-figueres\/wp-content\/uploads\/usu654\/2022\/05\/JORNADA-PORTES-OBERTES-A-LES-FAMILIES-724x1024.png\" alt=\"\" width=\"724\" height=\"1024\" srcset=\"https:\/\/agora.xtec.cat\/ceippallach-figueres\/wp-content\/uploads\/usu654\/2022\/05\/JORNADA-PORTES-OBERTES-A-LES-FAMILIES-724x1024.png 724w, https:\/\/agora.xtec.cat\/ceippallach-figueres\/wp-content\/uploads\/usu654\/2022\/05\/JORNADA-PORTES-OBERTES-A-LES-FAMILIES-212x300.png 212w, https:\/\/agora.xtec.cat\/ceippallach-figueres\/wp-content\/uploads\/usu654\/2022\/05\/JORNADA-PORTES-OBERTES-A-LES-FAMILIES-768x1086.png 768w, https:\/\/agora.xtec.cat\/ceippallach-figueres\/wp-content\/uploads\/usu654\/2022\/05\/JORNADA-PORTES-OBERTES-A-LES-FAMILIES-1086x1536.png 1086w, https:\/\/agora.xtec.cat\/ceippallach-figueres\/wp-content\/uploads\/usu654\/2022\/05\/JORNADA-PORTES-OBERTES-A-LES-FAMILIES-1448x2048.png 1448w, https:\/\/agora.xtec.cat\/ceippallach-figueres\/wp-content\/uploads\/usu654\/2022\/05\/JORNADA-PORTES-OBERTES-A-LES-FAMILIES.png 1653w\" sizes=\"auto, (max-width: 724px) 100vw, 724px\" \/><\/a><\/p>\n","protected":false},"excerpt":{"rendered":"<p>El divendres 20 de maig obrim les portes de l&#8217;escola a les fam\u00edlies. A partir de les cinc oferim la possibilitat de visitar les aules per veure el qu\u00e9 s&#8217;hi fa i assistir a la xerrada &#8220;Idees per esmorzars i berenars saludables&#8221; a c\u00e0rrec de la nutricionista Cl\u00e0udia Presas. Un cop acabem, a dos quarts de set, farem un berenar compartit al pati de l&#8217;escola.<\/p>\n","protected":false},"author":1,"featured_media":4892,"comment_status":"open","ping_status":"closed","sticky":false,"template":"","format":"standard","meta":{"_bbp_topic_count":0,"_bbp_reply_count":0,"_bbp_total_topic_count":0,"_bbp_total_reply_count":0,"_bbp_voice_count":0,"_bbp_anonymous_reply_count":0,"_bbp_topic_count_hidden":0,"_bbp_reply_count_hidden":0,"_bbp_forum_subforum_count":0,"site-sidebar-layout":"default","site-content-layout":"","ast-site-content-layout":"default","site-content-style":"default","site-sidebar-style":"default","ast-global-header-display":"","ast-banner-title-visibility":"","ast-main-header-display":"","ast-hfb-above-header-display":"","ast-hfb-below-header-display":"","ast-hfb-mobile-header-display":"","site-post-title":"","ast-breadcrumbs-content":"","ast-featured-img":"","footer-sml-layout":"","theme-transparent-header-meta":"","adv-header-id-meta":"","stick-header-meta":"","header-above-stick-meta":"","header-main-stick-meta":"","header-below-stick-meta":"","astra-migrate-meta-layouts":"set","ast-page-background-enabled":"default","ast-page-background-meta":{"desktop":{"background-color":"var(--ast-global-color-4)","background-image":"","background-repeat":"repeat","background-position":"center center","background-size":"auto","background-attachment":"scroll","background-type":"","background-media":"","overlay-type":"","overlay-color":"","overlay-opacity":"","overlay-gradient":""},"tablet":{"background-color":"","background-image":"","background-repeat":"repeat","background-position":"center center","background-size":"auto","background-attachment":"scroll","background-type":"","background-media":"","overlay-type":"","overlay-color":"","overlay-opacity":"","overlay-gradient":""},"mobile":{"background-color":"","background-image":"","background-repeat":"repeat","background-position":"center center","background-size":"auto","background-attachment":"scroll","background-type":"","background-media":"","overlay-type":"","overlay-color":"","overlay-opacity":"","overlay-gradient":""}},"ast-content-background-meta":{"desktop":{"background-color":"var(--ast-global-color-5)","background-image":"","background-repeat":"repeat","background-position":"center center","background-size":"auto","background-attachment":"scroll","background-type":"","background-media":"","overlay-type":"","overlay-color":"","overlay-opacity":"","overlay-gradient":""},"tablet":{"background-color":"var(--ast-global-color-5)","background-image":"","background-repeat":"repeat","background-position":"center center","background-size":"auto","background-attachment":"scroll","background-type":"","background-media":"","overlay-type":"","overlay-color":"","overlay-opacity":"","overlay-gradient":""},"mobile":{"background-color":"var(--ast-global-color-5)","background-image":"","background-repeat":"repeat","background-position":"center center","background-size":"auto","background-attachment":"scroll","background-type":"","background-media":"","overlay-type":"","overlay-color":"","overlay-opacity":"","overlay-gradient":""}},"footnotes":""},"categories":[7,109],"tags":[521,518,403],"class_list":["post-4891","post","type-post","status-publish","format-standard","has-post-thumbnail","hentry","category-afa","category-festes","tag-afa","tag-salut","tag-xerrada"],"post_mailing_queue_ids":[],"_links":{"self":[{"href":"https:\/\/agora.xtec.cat\/ceippallach-figueres\/wp-json\/wp\/v2\/posts\/4891","targetHints":{"allow":["GET"]}}],"collection":[{"href":"https:\/\/agora.xtec.cat\/ceippallach-figueres\/wp-json\/wp\/v2\/posts"}],"about":[{"href":"https:\/\/agora.xtec.cat\/ceippallach-figueres\/wp-json\/wp\/v2\/types\/post"}],"author":[{"embeddable":true,"href":"https:\/\/agora.xtec.cat\/ceippallach-figueres\/wp-json\/wp\/v2\/users\/1"}],"replies":[{"embeddable":true,"href":"https:\/\/agora.xtec.cat\/ceippallach-figueres\/wp-json\/wp\/v2\/comments?post=4891"}],"version-history":[{"count":2,"href":"https:\/\/agora.xtec.cat\/ceippallach-figueres\/wp-json\/wp\/v2\/posts\/4891\/revisions"}],"predecessor-version":[{"id":6265,"href":"https:\/\/agora.xtec.cat\/ceippallach-figueres\/wp-json\/wp\/v2\/posts\/4891\/revisions\/6265"}],"wp:featuredmedia":[{"embeddable":true,"href":"https:\/\/agora.xtec.cat\/ceippallach-figueres\/wp-json\/wp\/v2\/media\/4892"}],"wp:attachment":[{"href":"https:\/\/agora.xtec.cat\/ceippallach-figueres\/wp-json\/wp\/v2\/media?parent=4891"}],"wp:term":[{"taxonomy":"category","embeddable":true,"href":"https:\/\/agora.xtec.cat\/ceippallach-figueres\/wp-json\/wp\/v2\/categories?post=4891"},{"taxonomy":"post_tag","embeddable":true,"href":"https:\/\/agora.xtec.cat\/ceippallach-figueres\/wp-json\/wp\/v2\/tags?post=4891"}],"curies":[{"name":"wp","href":"https:\/\/api.w.org\/{rel}","templated":true}]}}