{"id":4554,"date":"2025-09-15T14:16:00","date_gmt":"2025-09-15T12:16:00","guid":{"rendered":"https:\/\/agora.xtec.cat\/ceippallach-figueres\/?p=4554"},"modified":"2025-10-13T14:00:46","modified_gmt":"2025-10-13T12:00:46","slug":"reunio-dinici-de-p3","status":"publish","type":"post","link":"https:\/\/agora.xtec.cat\/ceippallach-figueres\/primaria\/6e\/reunio-dinici-de-p3\/","title":{"rendered":"Reunions d&#8217;inici de curs"},"content":{"rendered":"<p>Les reunions d&#8217;inici de curs seran a les 20h a la biblioteca de l&#8217;escola, i tenen com a objectiu informar de l&#8217;organitzaci\u00f3 i programaci\u00f3 del curs escolar i, a la vegada, mantenir un primer intercanvi d&#8217;impressions. Rebreu la comunicaci\u00f3 a trav\u00e9s de la plataforma TPV ESCOLA, i recordeu que no hi poden venir els alumnes.<\/p>\n<p>HORARI: a les 20:00h.<br \/>LLOC: Biblioteca<br \/>ENTRADA: Porta de la biblioteca, pla\u00e7a de l&#8217;Escorxador<\/p>\n<p>I3\u00a0 &#8211;\u00a0 dilluns 30 de setembre<\/p>\n<p>I4\u00a0 &#8211;\u00a0 dimecres 16 de setembre<\/p>\n<p>I5\u00a0 &#8211;\u00a0 dijous 23 de setembre<\/p>\n<p>1r\u00a0 &#8211;\u00a0 dilluns 17 de setembre<\/p>\n<p>2n\u00a0 &#8211;\u00a0 dilluns 24 de setembre<\/p>\n<p>3r\u00a0 &#8211;\u00a0 dimarts 18 de setembre<\/p>\n<p>4t\u00a0 &#8211;\u00a0 dimarts 25 de setembre<\/p>\n<p>5\u00e8\u00a0 &#8211;\u00a0 dijous 22 de setembre<\/p>\n<p>6\u00e8\u00a0 &#8211;\u00a0 dimecres 29 de setembre<\/p>\n<p>Esperem la vostra assist\u00e8ncia!<\/p>\n\n\n<figure class=\"wp-block-image size-large\"><a href=\"https:\/\/agora.xtec.cat\/ceippallach-figueres\/wp-content\/uploads\/usu654\/2023\/09\/reunions.jpg\"><img loading=\"lazy\" decoding=\"async\" width=\"768\" height=\"1024\" src=\"https:\/\/agora.xtec.cat\/ceippallach-figueres\/wp-content\/uploads\/usu654\/2023\/09\/reunions-768x1024.jpg\" alt=\"\" class=\"wp-image-5992\" srcset=\"https:\/\/agora.xtec.cat\/ceippallach-figueres\/wp-content\/uploads\/usu654\/2023\/09\/reunions-768x1024.jpg 768w, https:\/\/agora.xtec.cat\/ceippallach-figueres\/wp-content\/uploads\/usu654\/2023\/09\/reunions-225x300.jpg 225w, https:\/\/agora.xtec.cat\/ceippallach-figueres\/wp-content\/uploads\/usu654\/2023\/09\/reunions-1152x1536.jpg 1152w, https:\/\/agora.xtec.cat\/ceippallach-figueres\/wp-content\/uploads\/usu654\/2023\/09\/reunions.jpg 1414w\" sizes=\"auto, (max-width: 768px) 100vw, 768px\" \/><\/a><\/figure>\n","protected":false},"excerpt":{"rendered":"<p>Les reunions d&#8217;inici de curs seran a les 20h a la biblioteca de l&#8217;escola, i tenen com a objectiu informar de l&#8217;organitzaci\u00f3 i programaci\u00f3 del curs escolar i, a la vegada, mantenir un primer intercanvi d&#8217;impressions.<\/p>\n","protected":false},"author":1,"featured_media":5992,"comment_status":"open","ping_status":"closed","sticky":true,"template":"","format":"standard","meta":{"_bbp_topic_count":0,"_bbp_reply_count":0,"_bbp_total_topic_count":0,"_bbp_total_reply_count":0,"_bbp_voice_count":0,"_bbp_anonymous_reply_count":0,"_bbp_topic_count_hidden":0,"_bbp_reply_count_hidden":0,"_bbp_forum_subforum_count":0,"site-sidebar-layout":"default","site-content-layout":"","ast-site-content-layout":"default","site-content-style":"default","site-sidebar-style":"default","ast-global-header-display":"","ast-banner-title-visibility":"","ast-main-header-display":"","ast-hfb-above-header-display":"","ast-hfb-below-header-display":"","ast-hfb-mobile-header-display":"","site-post-title":"","ast-breadcrumbs-content":"","ast-featured-img":"","footer-sml-layout":"","theme-transparent-header-meta":"","adv-header-id-meta":"","stick-header-meta":"","header-above-stick-meta":"","header-main-stick-meta":"","header-below-stick-meta":"","astra-migrate-meta-layouts":"set","ast-page-background-enabled":"default","ast-page-background-meta":{"desktop":{"background-color":"var(--ast-global-color-4)","background-image":"","background-repeat":"repeat","background-position":"center center","background-size":"auto","background-attachment":"scroll","background-type":"","background-media":"","overlay-type":"","overlay-color":"","overlay-opacity":"","overlay-gradient":""},"tablet":{"background-color":"","background-image":"","background-repeat":"repeat","background-position":"center center","background-size":"auto","background-attachment":"scroll","background-type":"","background-media":"","overlay-type":"","overlay-color":"","overlay-opacity":"","overlay-gradient":""},"mobile":{"background-color":"","background-image":"","background-repeat":"repeat","background-position":"center center","background-size":"auto","background-attachment":"scroll","background-type":"","background-media":"","overlay-type":"","overlay-color":"","overlay-opacity":"","overlay-gradient":""}},"ast-content-background-meta":{"desktop":{"background-color":"var(--ast-global-color-5)","background-image":"","background-repeat":"repeat","background-position":"center center","background-size":"auto","background-attachment":"scroll","background-type":"","background-media":"","overlay-type":"","overlay-color":"","overlay-opacity":"","overlay-gradient":""},"tablet":{"background-color":"var(--ast-global-color-5)","background-image":"","background-repeat":"repeat","background-position":"center center","background-size":"auto","background-attachment":"scroll","background-type":"","background-media":"","overlay-type":"","overlay-color":"","overlay-opacity":"","overlay-gradient":""},"mobile":{"background-color":"var(--ast-global-color-5)","background-image":"","background-repeat":"repeat","background-position":"center center","background-size":"auto","background-attachment":"scroll","background-type":"","background-media":"","overlay-type":"","overlay-color":"","overlay-opacity":"","overlay-gradient":""}},"footnotes":""},"categories":[534,523,497,445,381,3,575,551,548,4],"tags":[74,72],"class_list":["post-4554","post","type-post","status-publish","format-standard","has-post-thumbnail","hentry","category-1r","category-2n","category-3r","category-4t","category-5e","category-6e","category-i3","category-i4","category-i5","category-portada","tag-inici-de-curs","tag-reunions"],"post_mailing_queue_ids":[],"_links":{"self":[{"href":"https:\/\/agora.xtec.cat\/ceippallach-figueres\/wp-json\/wp\/v2\/posts\/4554","targetHints":{"allow":["GET"]}}],"collection":[{"href":"https:\/\/agora.xtec.cat\/ceippallach-figueres\/wp-json\/wp\/v2\/posts"}],"about":[{"href":"https:\/\/agora.xtec.cat\/ceippallach-figueres\/wp-json\/wp\/v2\/types\/post"}],"author":[{"embeddable":true,"href":"https:\/\/agora.xtec.cat\/ceippallach-figueres\/wp-json\/wp\/v2\/users\/1"}],"replies":[{"embeddable":true,"href":"https:\/\/agora.xtec.cat\/ceippallach-figueres\/wp-json\/wp\/v2\/comments?post=4554"}],"version-history":[{"count":4,"href":"https:\/\/agora.xtec.cat\/ceippallach-figueres\/wp-json\/wp\/v2\/posts\/4554\/revisions"}],"predecessor-version":[{"id":5993,"href":"https:\/\/agora.xtec.cat\/ceippallach-figueres\/wp-json\/wp\/v2\/posts\/4554\/revisions\/5993"}],"wp:featuredmedia":[{"embeddable":true,"href":"https:\/\/agora.xtec.cat\/ceippallach-figueres\/wp-json\/wp\/v2\/media\/5992"}],"wp:attachment":[{"href":"https:\/\/agora.xtec.cat\/ceippallach-figueres\/wp-json\/wp\/v2\/media?parent=4554"}],"wp:term":[{"taxonomy":"category","embeddable":true,"href":"https:\/\/agora.xtec.cat\/ceippallach-figueres\/wp-json\/wp\/v2\/categories?post=4554"},{"taxonomy":"post_tag","embeddable":true,"href":"https:\/\/agora.xtec.cat\/ceippallach-figueres\/wp-json\/wp\/v2\/tags?post=4554"}],"curies":[{"name":"wp","href":"https:\/\/api.w.org\/{rel}","templated":true}]}}