{"id":4441,"date":"2021-05-13T19:10:39","date_gmt":"2021-05-13T17:10:39","guid":{"rendered":"http:\/\/agora.xtec.cat\/ceippallach-figueres\/?p=4441"},"modified":"2021-07-17T18:21:49","modified_gmt":"2021-07-17T16:21:49","slug":"sortida-a-la-granja-el-moli-de-calabuig-p3","status":"publish","type":"post","link":"https:\/\/agora.xtec.cat\/ceippallach-figueres\/primaria\/3r\/sortida-a-la-granja-el-moli-de-calabuig-p3\/","title":{"rendered":"Sortida a la Granja El Mol\u00ed de Calabuig P3"},"content":{"rendered":"<p>Hola fam\u00edlies,<\/p>\n<p>El dilluns 10 de maig les nenes i nens de P3 varem anar a la granja El Mol\u00ed de Calabuig. All\u00e0 vam veure cavalls, \u00e0necs, pollets, oques, gallines, porquets i ovelles. Fins i tot, vam poder donar de menjar a les cabres. Va ser un dia ben divertit!<\/p>\n<p>A continuaci\u00f3 podreu veure un petit v\u00eddeo sobre el sortida. Esperem que ho gaudiu molt!<\/p>\n<p>Les mestres de P3.<\/p>\n<p>Recordeu que heu de clicar a sobre de la imatge per poder veure el v\u00eddeo.<\/p>\n<p><strong>P3 A<\/strong><\/p>\n<p><a href=\"https:\/\/photos.app.goo.gl\/Zm1stXHQ2kuwVf966\"><img loading=\"lazy\" decoding=\"async\" class=\"alignnone size-large wp-image-4442\" src=\"https:\/\/agora.xtec.cat\/ceippallach-figueres\/wp-content\/uploads\/usu654\/2021\/05\/p3a-portada-1024x768.jpeg\" alt=\"\" width=\"1024\" height=\"768\" srcset=\"https:\/\/agora.xtec.cat\/ceippallach-figueres\/wp-content\/uploads\/usu654\/2021\/05\/p3a-portada-1024x768.jpeg 1024w, https:\/\/agora.xtec.cat\/ceippallach-figueres\/wp-content\/uploads\/usu654\/2021\/05\/p3a-portada-300x225.jpeg 300w, https:\/\/agora.xtec.cat\/ceippallach-figueres\/wp-content\/uploads\/usu654\/2021\/05\/p3a-portada-768x576.jpeg 768w, https:\/\/agora.xtec.cat\/ceippallach-figueres\/wp-content\/uploads\/usu654\/2021\/05\/p3a-portada-200x150.jpeg 200w, https:\/\/agora.xtec.cat\/ceippallach-figueres\/wp-content\/uploads\/usu654\/2021\/05\/p3a-portada.jpeg 2048w\" sizes=\"auto, (max-width: 1024px) 100vw, 1024px\" \/><\/a><\/p>\n<p>&nbsp;<\/p>\n<p><strong>P3B<\/strong><\/p>\n<p><a href=\"https:\/\/photos.app.goo.gl\/Xnpk1apuuYBsNmqL7\"><img loading=\"lazy\" decoding=\"async\" class=\"alignnone size-large wp-image-4443\" src=\"https:\/\/agora.xtec.cat\/ceippallach-figueres\/wp-content\/uploads\/usu654\/2021\/05\/DEFINITIVA-P3B-1024x777.jpeg\" alt=\"\" width=\"1024\" height=\"777\" srcset=\"https:\/\/agora.xtec.cat\/ceippallach-figueres\/wp-content\/uploads\/usu654\/2021\/05\/DEFINITIVA-P3B-1024x777.jpeg 1024w, https:\/\/agora.xtec.cat\/ceippallach-figueres\/wp-content\/uploads\/usu654\/2021\/05\/DEFINITIVA-P3B-300x227.jpeg 300w, https:\/\/agora.xtec.cat\/ceippallach-figueres\/wp-content\/uploads\/usu654\/2021\/05\/DEFINITIVA-P3B-768x582.jpeg 768w, https:\/\/agora.xtec.cat\/ceippallach-figueres\/wp-content\/uploads\/usu654\/2021\/05\/DEFINITIVA-P3B.jpeg 2048w\" sizes=\"auto, (max-width: 1024px) 100vw, 1024px\" \/><\/a><\/p>\n","protected":false},"excerpt":{"rendered":"<p>Les nenes i nens de P3 vam anar a la granja El Mol\u00ed de Calabuig. Vam veure cavalls, \u00e0necs, pollets, ovelles, porquets i gallines. Fins i tot, vam poder donar de menjar a les cabres. Va ser molt divertit!<\/p>\n","protected":false},"author":64,"featured_media":4447,"comment_status":"open","ping_status":"closed","sticky":false,"template":"","format":"standard","meta":{"_bbp_topic_count":0,"_bbp_reply_count":0,"_bbp_total_topic_count":0,"_bbp_total_reply_count":0,"_bbp_voice_count":0,"_bbp_anonymous_reply_count":0,"_bbp_topic_count_hidden":0,"_bbp_reply_count_hidden":0,"_bbp_forum_subforum_count":0,"site-sidebar-layout":"default","site-content-layout":"","ast-site-content-layout":"","site-content-style":"default","site-sidebar-style":"default","ast-global-header-display":"","ast-banner-title-visibility":"","ast-main-header-display":"","ast-hfb-above-header-display":"","ast-hfb-below-header-display":"","ast-hfb-mobile-header-display":"","site-post-title":"","ast-breadcrumbs-content":"","ast-featured-img":"","footer-sml-layout":"","theme-transparent-header-meta":"","adv-header-id-meta":"","stick-header-meta":"","header-above-stick-meta":"","header-main-stick-meta":"","header-below-stick-meta":"","astra-migrate-meta-layouts":"default","ast-page-background-enabled":"default","ast-page-background-meta":{"desktop":{"background-color":"var(--ast-global-color-4)","background-image":"","background-repeat":"repeat","background-position":"center center","background-size":"auto","background-attachment":"scroll","background-type":"","background-media":"","overlay-type":"","overlay-color":"","overlay-opacity":"","overlay-gradient":""},"tablet":{"background-color":"","background-image":"","background-repeat":"repeat","background-position":"center center","background-size":"auto","background-attachment":"scroll","background-type":"","background-media":"","overlay-type":"","overlay-color":"","overlay-opacity":"","overlay-gradient":""},"mobile":{"background-color":"","background-image":"","background-repeat":"repeat","background-position":"center center","background-size":"auto","background-attachment":"scroll","background-type":"","background-media":"","overlay-type":"","overlay-color":"","overlay-opacity":"","overlay-gradient":""}},"ast-content-background-meta":{"desktop":{"background-color":"var(--ast-global-color-5)","background-image":"","background-repeat":"repeat","background-position":"center center","background-size":"auto","background-attachment":"scroll","background-type":"","background-media":"","overlay-type":"","overlay-color":"","overlay-opacity":"","overlay-gradient":""},"tablet":{"background-color":"var(--ast-global-color-5)","background-image":"","background-repeat":"repeat","background-position":"center center","background-size":"auto","background-attachment":"scroll","background-type":"","background-media":"","overlay-type":"","overlay-color":"","overlay-opacity":"","overlay-gradient":""},"mobile":{"background-color":"var(--ast-global-color-5)","background-image":"","background-repeat":"repeat","background-position":"center center","background-size":"auto","background-attachment":"scroll","background-type":"","background-media":"","overlay-type":"","overlay-color":"","overlay-opacity":"","overlay-gradient":""}},"footnotes":""},"categories":[497],"tags":[520,368,126],"class_list":["post-4441","post","type-post","status-publish","format-standard","has-post-thumbnail","hentry","category-3r","tag-el-moli-de-calabuig","tag-granja","tag-sortida"],"post_mailing_queue_ids":[],"_links":{"self":[{"href":"https:\/\/agora.xtec.cat\/ceippallach-figueres\/wp-json\/wp\/v2\/posts\/4441","targetHints":{"allow":["GET"]}}],"collection":[{"href":"https:\/\/agora.xtec.cat\/ceippallach-figueres\/wp-json\/wp\/v2\/posts"}],"about":[{"href":"https:\/\/agora.xtec.cat\/ceippallach-figueres\/wp-json\/wp\/v2\/types\/post"}],"author":[{"embeddable":true,"href":"https:\/\/agora.xtec.cat\/ceippallach-figueres\/wp-json\/wp\/v2\/users\/64"}],"replies":[{"embeddable":true,"href":"https:\/\/agora.xtec.cat\/ceippallach-figueres\/wp-json\/wp\/v2\/comments?post=4441"}],"version-history":[{"count":4,"href":"https:\/\/agora.xtec.cat\/ceippallach-figueres\/wp-json\/wp\/v2\/posts\/4441\/revisions"}],"predecessor-version":[{"id":4453,"href":"https:\/\/agora.xtec.cat\/ceippallach-figueres\/wp-json\/wp\/v2\/posts\/4441\/revisions\/4453"}],"wp:featuredmedia":[{"embeddable":true,"href":"https:\/\/agora.xtec.cat\/ceippallach-figueres\/wp-json\/wp\/v2\/media\/4447"}],"wp:attachment":[{"href":"https:\/\/agora.xtec.cat\/ceippallach-figueres\/wp-json\/wp\/v2\/media?parent=4441"}],"wp:term":[{"taxonomy":"category","embeddable":true,"href":"https:\/\/agora.xtec.cat\/ceippallach-figueres\/wp-json\/wp\/v2\/categories?post=4441"},{"taxonomy":"post_tag","embeddable":true,"href":"https:\/\/agora.xtec.cat\/ceippallach-figueres\/wp-json\/wp\/v2\/tags?post=4441"}],"curies":[{"name":"wp","href":"https:\/\/api.w.org\/{rel}","templated":true}]}}