{"id":4387,"date":"2021-04-18T17:24:04","date_gmt":"2021-04-18T15:24:04","guid":{"rendered":"http:\/\/agora.xtec.cat\/ceippallach-figueres\/?p=4387"},"modified":"2021-10-20T09:57:25","modified_gmt":"2021-10-20T07:57:25","slug":"el-bulliyng-a-educacio-fisica","status":"publish","type":"post","link":"https:\/\/agora.xtec.cat\/ceippallach-figueres\/6e-2023-2024\/el-bulliyng-a-educacio-fisica\/","title":{"rendered":"El bullying a Educaci\u00f3 F\u00edsica"},"content":{"rendered":"<p>Al llarg de tres sessions l&#8217;alumnat de prim\u00e0ria ha treballat diferents aspectes del bullying a trav\u00e9s del joc i de les activitats de l&#8217;\u00e0rea d&#8217;educaci\u00f3 f\u00edsica.<\/p>\n<p>Els i les alumnes de Cicle Mitj\u00e0 van treballar els conceptes de resili\u00e8ncia, capacitat de superaci\u00f3, l&#8217;empatia, posar-se al lloc de l&#8217;altre, la cooperaci\u00f3, treball en grup, i la discriminaci\u00f3 (per g\u00e8nere, roba&#8230;).<\/p>\n<p>Els de Cicle Superior van treballar la relaci\u00f3 grupal i l&#8217;empatia. En aquests cursos es va donar import\u00e0ncia a les figures que hi ha dins una situaci\u00f3 de bullying: agressors, c\u00f2mplices i defensors. L&#8217;alumnat de sis\u00e8 com activitat de cloenda es van inventar per grups dues estrofes per arribar a crear una rap conjunt de tota la classe.<\/p>\n<p><a href=\"https:\/\/photos.app.goo.gl\/WZZHDbjEcioTWKot6\"><img loading=\"lazy\" decoding=\"async\" class=\"wp-image-4388 aligncenter\" src=\"https:\/\/agora.xtec.cat\/ceippallach-figueres\/wp-content\/uploads\/usu654\/2021\/04\/IMG_6325-COLLAGE-1024x1024.jpg\" alt=\"\" width=\"382\" height=\"382\" srcset=\"https:\/\/agora.xtec.cat\/ceippallach-figueres\/wp-content\/uploads\/usu654\/2021\/04\/IMG_6325-COLLAGE-1024x1024.jpg 1024w, https:\/\/agora.xtec.cat\/ceippallach-figueres\/wp-content\/uploads\/usu654\/2021\/04\/IMG_6325-COLLAGE-150x150.jpg 150w, https:\/\/agora.xtec.cat\/ceippallach-figueres\/wp-content\/uploads\/usu654\/2021\/04\/IMG_6325-COLLAGE-300x300.jpg 300w, https:\/\/agora.xtec.cat\/ceippallach-figueres\/wp-content\/uploads\/usu654\/2021\/04\/IMG_6325-COLLAGE-768x768.jpg 768w, https:\/\/agora.xtec.cat\/ceippallach-figueres\/wp-content\/uploads\/usu654\/2021\/04\/IMG_6325-COLLAGE.jpg 2046w\" sizes=\"auto, (max-width: 382px) 100vw, 382px\" \/><\/a><\/p>\n<p>&nbsp;<\/p>\n","protected":false},"excerpt":{"rendered":"<p>Al llarg de tres sessions l&#8217;alumnat de prim\u00e0ria ha treballat diferents aspectes del bullying a trav\u00e9s del joc i de les activitats de l&#8217;\u00e0rea d&#8217;educaci\u00f3 f\u00edsica. Els i les alumnes de Cicle Mitj\u00e0 van treballar els conceptes de resili\u00e8ncia, capacitat de superaci\u00f3, l&#8217;empatia, posar-se al lloc de l&#8217;altre, la cooperaci\u00f3, treball en grup, i la [&hellip;]<\/p>\n","protected":false},"author":8,"featured_media":4388,"comment_status":"open","ping_status":"closed","sticky":false,"template":"","format":"standard","meta":{"_bbp_topic_count":0,"_bbp_reply_count":0,"_bbp_total_topic_count":0,"_bbp_total_reply_count":0,"_bbp_voice_count":0,"_bbp_anonymous_reply_count":0,"_bbp_topic_count_hidden":0,"_bbp_reply_count_hidden":0,"_bbp_forum_subforum_count":0,"site-sidebar-layout":"default","site-content-layout":"","ast-site-content-layout":"","site-content-style":"default","site-sidebar-style":"default","ast-global-header-display":"","ast-banner-title-visibility":"","ast-main-header-display":"","ast-hfb-above-header-display":"","ast-hfb-below-header-display":"","ast-hfb-mobile-header-display":"","site-post-title":"","ast-breadcrumbs-content":"","ast-featured-img":"","footer-sml-layout":"","theme-transparent-header-meta":"","adv-header-id-meta":"","stick-header-meta":"","header-above-stick-meta":"","header-main-stick-meta":"","header-below-stick-meta":"","astra-migrate-meta-layouts":"default","ast-page-background-enabled":"default","ast-page-background-meta":{"desktop":{"background-color":"var(--ast-global-color-4)","background-image":"","background-repeat":"repeat","background-position":"center center","background-size":"auto","background-attachment":"scroll","background-type":"","background-media":"","overlay-type":"","overlay-color":"","overlay-opacity":"","overlay-gradient":""},"tablet":{"background-color":"","background-image":"","background-repeat":"repeat","background-position":"center center","background-size":"auto","background-attachment":"scroll","background-type":"","background-media":"","overlay-type":"","overlay-color":"","overlay-opacity":"","overlay-gradient":""},"mobile":{"background-color":"","background-image":"","background-repeat":"repeat","background-position":"center center","background-size":"auto","background-attachment":"scroll","background-type":"","background-media":"","overlay-type":"","overlay-color":"","overlay-opacity":"","overlay-gradient":""}},"ast-content-background-meta":{"desktop":{"background-color":"var(--ast-global-color-5)","background-image":"","background-repeat":"repeat","background-position":"center center","background-size":"auto","background-attachment":"scroll","background-type":"","background-media":"","overlay-type":"","overlay-color":"","overlay-opacity":"","overlay-gradient":""},"tablet":{"background-color":"var(--ast-global-color-5)","background-image":"","background-repeat":"repeat","background-position":"center center","background-size":"auto","background-attachment":"scroll","background-type":"","background-media":"","overlay-type":"","overlay-color":"","overlay-opacity":"","overlay-gradient":""},"mobile":{"background-color":"var(--ast-global-color-5)","background-image":"","background-repeat":"repeat","background-position":"center center","background-size":"auto","background-attachment":"scroll","background-type":"","background-media":"","overlay-type":"","overlay-color":"","overlay-opacity":"","overlay-gradient":""}},"footnotes":""},"categories":[12,11,10,9,528],"tags":[516],"class_list":["post-4387","post","type-post","status-publish","format-standard","has-post-thumbnail","hentry","category-6e-2020-2021","category-6e-2021-2022","category-6e-2022-2023","category-6e-2023-2024","category-contra_el_bullying","tag-bullying"],"post_mailing_queue_ids":[],"_links":{"self":[{"href":"https:\/\/agora.xtec.cat\/ceippallach-figueres\/wp-json\/wp\/v2\/posts\/4387","targetHints":{"allow":["GET"]}}],"collection":[{"href":"https:\/\/agora.xtec.cat\/ceippallach-figueres\/wp-json\/wp\/v2\/posts"}],"about":[{"href":"https:\/\/agora.xtec.cat\/ceippallach-figueres\/wp-json\/wp\/v2\/types\/post"}],"author":[{"embeddable":true,"href":"https:\/\/agora.xtec.cat\/ceippallach-figueres\/wp-json\/wp\/v2\/users\/8"}],"replies":[{"embeddable":true,"href":"https:\/\/agora.xtec.cat\/ceippallach-figueres\/wp-json\/wp\/v2\/comments?post=4387"}],"version-history":[{"count":3,"href":"https:\/\/agora.xtec.cat\/ceippallach-figueres\/wp-json\/wp\/v2\/posts\/4387\/revisions"}],"predecessor-version":[{"id":4416,"href":"https:\/\/agora.xtec.cat\/ceippallach-figueres\/wp-json\/wp\/v2\/posts\/4387\/revisions\/4416"}],"wp:featuredmedia":[{"embeddable":true,"href":"https:\/\/agora.xtec.cat\/ceippallach-figueres\/wp-json\/wp\/v2\/media\/4388"}],"wp:attachment":[{"href":"https:\/\/agora.xtec.cat\/ceippallach-figueres\/wp-json\/wp\/v2\/media?parent=4387"}],"wp:term":[{"taxonomy":"category","embeddable":true,"href":"https:\/\/agora.xtec.cat\/ceippallach-figueres\/wp-json\/wp\/v2\/categories?post=4387"},{"taxonomy":"post_tag","embeddable":true,"href":"https:\/\/agora.xtec.cat\/ceippallach-figueres\/wp-json\/wp\/v2\/tags?post=4387"}],"curies":[{"name":"wp","href":"https:\/\/api.w.org\/{rel}","templated":true}]}}