{"id":4345,"date":"2021-04-03T21:23:12","date_gmt":"2021-04-03T19:23:12","guid":{"rendered":"http:\/\/agora.xtec.cat\/ceippallach-figueres\/?p=4345"},"modified":"2021-07-17T18:22:37","modified_gmt":"2021-07-17T16:22:37","slug":"sortida-4t-llegendes-de-girona","status":"publish","type":"post","link":"https:\/\/agora.xtec.cat\/ceippallach-figueres\/general\/sortida-4t-llegendes-de-girona\/","title":{"rendered":"Sortida 4t Llegendes de Girona"},"content":{"rendered":"<p style=\"text-align: justify;\">El passat dimarts 16 de mar\u00e7 els alumnes de 4t vam anar a Girona. Tot passejant pel Barri Vell ens van anar explicant llegendes i ens van agradar molt.<\/p>\n<p><a href=\"https:\/\/photos.app.goo.gl\/McR1mJCDRp21Sq85A\"><img decoding=\"async\" class=\"aligncenter\" src=\"https:\/\/www2.girona.cat\/image\/image_gallery?uuid=26f53869-df94-4409-b231-ca890a528f66&amp;groupId=11622&amp;t=1326194549479\" alt=\"Llegendes de Girona: Tarl\u00e0, Geri\u00f3, cul de la lleona, mosques de Sant Narc\u00eds.... - Ajuntament de Girona\" \/><\/a><\/p>\n<p style=\"text-align: justify;\"><span style=\"text-decoration: underline;\"><strong><em>LLEGENDA &#8220;EL TARL\u00c0&#8221;<\/em> <\/strong><\/span><br \/>\nEl Tarl\u00e0 \u00e9s una de les figures m\u00e9s t\u00edpiques de Girona. Potser l&#8217;heu vist alguna vegada penjat al carrer d&#8217;Argenteria, entre dos balcons. Es sol posar pels voltants de Sant Jordi, durant les Festes de Primavera de la Rambla i l&#8217;Argenteria.<br \/>\nEl Tarl\u00e0 \u00e9s un ninot penjat d&#8217;una barra que fa giravoltes, va vestit de joglar i porta esquellerincs a les puntes del barret.<br \/>\nLa llegenda explica que fa molts i molts anys en aquest carrer hi va haver la pesta (malaltia que s&#8217;encomanava molt), aquest fet va provocar el tancament del carrer pels dos extrems amb unes tanques de canya. Els ve\u00efns estaven tristos i avorrits, un ve\u00ed anomenat Tarl\u00e0, els distreia i divertia fent tombarelles.<\/p>\n<p>&nbsp;<\/p>\n","protected":false},"excerpt":{"rendered":"<p>El passat dimarts 16 de mar\u00e7 els alumnes de 4t vam anar a Girona. Tot passejant pel Barri Vell ens van anar explicant llegendes i ens van agradar molt.<\/p>\n","protected":false},"author":40,"featured_media":4347,"comment_status":"open","ping_status":"closed","sticky":false,"template":"","format":"standard","meta":{"_bbp_topic_count":0,"_bbp_reply_count":0,"_bbp_total_topic_count":0,"_bbp_total_reply_count":0,"_bbp_voice_count":0,"_bbp_anonymous_reply_count":0,"_bbp_topic_count_hidden":0,"_bbp_reply_count_hidden":0,"_bbp_forum_subforum_count":0,"site-sidebar-layout":"default","site-content-layout":"","ast-site-content-layout":"","site-content-style":"default","site-sidebar-style":"default","ast-global-header-display":"","ast-banner-title-visibility":"","ast-main-header-display":"","ast-hfb-above-header-display":"","ast-hfb-below-header-display":"","ast-hfb-mobile-header-display":"","site-post-title":"","ast-breadcrumbs-content":"","ast-featured-img":"","footer-sml-layout":"","theme-transparent-header-meta":"","adv-header-id-meta":"","stick-header-meta":"","header-above-stick-meta":"","header-main-stick-meta":"","header-below-stick-meta":"","astra-migrate-meta-layouts":"default","ast-page-background-enabled":"default","ast-page-background-meta":{"desktop":{"background-color":"var(--ast-global-color-4)","background-image":"","background-repeat":"repeat","background-position":"center center","background-size":"auto","background-attachment":"scroll","background-type":"","background-media":"","overlay-type":"","overlay-color":"","overlay-opacity":"","overlay-gradient":""},"tablet":{"background-color":"","background-image":"","background-repeat":"repeat","background-position":"center center","background-size":"auto","background-attachment":"scroll","background-type":"","background-media":"","overlay-type":"","overlay-color":"","overlay-opacity":"","overlay-gradient":""},"mobile":{"background-color":"","background-image":"","background-repeat":"repeat","background-position":"center center","background-size":"auto","background-attachment":"scroll","background-type":"","background-media":"","overlay-type":"","overlay-color":"","overlay-opacity":"","overlay-gradient":""}},"ast-content-background-meta":{"desktop":{"background-color":"var(--ast-global-color-5)","background-image":"","background-repeat":"repeat","background-position":"center center","background-size":"auto","background-attachment":"scroll","background-type":"","background-media":"","overlay-type":"","overlay-color":"","overlay-opacity":"","overlay-gradient":""},"tablet":{"background-color":"var(--ast-global-color-5)","background-image":"","background-repeat":"repeat","background-position":"center center","background-size":"auto","background-attachment":"scroll","background-type":"","background-media":"","overlay-type":"","overlay-color":"","overlay-opacity":"","overlay-gradient":""},"mobile":{"background-color":"var(--ast-global-color-5)","background-image":"","background-repeat":"repeat","background-position":"center center","background-size":"auto","background-attachment":"scroll","background-type":"","background-media":"","overlay-type":"","overlay-color":"","overlay-opacity":"","overlay-gradient":""}},"footnotes":""},"categories":[1],"tags":[],"class_list":["post-4345","post","type-post","status-publish","format-standard","has-post-thumbnail","hentry","category-general"],"post_mailing_queue_ids":[],"_links":{"self":[{"href":"https:\/\/agora.xtec.cat\/ceippallach-figueres\/wp-json\/wp\/v2\/posts\/4345","targetHints":{"allow":["GET"]}}],"collection":[{"href":"https:\/\/agora.xtec.cat\/ceippallach-figueres\/wp-json\/wp\/v2\/posts"}],"about":[{"href":"https:\/\/agora.xtec.cat\/ceippallach-figueres\/wp-json\/wp\/v2\/types\/post"}],"author":[{"embeddable":true,"href":"https:\/\/agora.xtec.cat\/ceippallach-figueres\/wp-json\/wp\/v2\/users\/40"}],"replies":[{"embeddable":true,"href":"https:\/\/agora.xtec.cat\/ceippallach-figueres\/wp-json\/wp\/v2\/comments?post=4345"}],"version-history":[{"count":3,"href":"https:\/\/agora.xtec.cat\/ceippallach-figueres\/wp-json\/wp\/v2\/posts\/4345\/revisions"}],"predecessor-version":[{"id":4351,"href":"https:\/\/agora.xtec.cat\/ceippallach-figueres\/wp-json\/wp\/v2\/posts\/4345\/revisions\/4351"}],"wp:featuredmedia":[{"embeddable":true,"href":"https:\/\/agora.xtec.cat\/ceippallach-figueres\/wp-json\/wp\/v2\/media\/4347"}],"wp:attachment":[{"href":"https:\/\/agora.xtec.cat\/ceippallach-figueres\/wp-json\/wp\/v2\/media?parent=4345"}],"wp:term":[{"taxonomy":"category","embeddable":true,"href":"https:\/\/agora.xtec.cat\/ceippallach-figueres\/wp-json\/wp\/v2\/categories?post=4345"},{"taxonomy":"post_tag","embeddable":true,"href":"https:\/\/agora.xtec.cat\/ceippallach-figueres\/wp-json\/wp\/v2\/tags?post=4345"}],"curies":[{"name":"wp","href":"https:\/\/api.w.org\/{rel}","templated":true}]}}