{"id":4340,"date":"2026-02-23T13:58:30","date_gmt":"2026-02-23T12:58:30","guid":{"rendered":"http:\/\/agora.xtec.cat\/ceippallach-figueres\/?p=4340"},"modified":"2026-04-15T12:51:36","modified_gmt":"2026-04-15T10:51:36","slug":"preinscripcio-proper-curs","status":"publish","type":"post","link":"https:\/\/agora.xtec.cat\/ceippallach-figueres\/portada\/preinscripcio-proper-curs\/","title":{"rendered":"Preinscripci\u00f3 pel proper curs 2026-2027"},"content":{"rendered":"<\/p>\n\n\n<p>Podeu trobar tota la informaci\u00f3 sobre la preinscripci\u00f3 al <a href=\"https:\/\/preinscripcio.gencat.cat\/ca\/estudis\/infantil-3-6\/inici\/\">web de la Generalitat de Catalunya<\/a>.<\/p>\n\n\n<\/p>\n\n\n<p>La informaci\u00f3 que trobareu aqu\u00ed fa refer\u00e8ncia a la preinscripci\u00f3 per educaci\u00f3 infantil i prim\u00e0ria. Per accedir a la preinscripci\u00f3 a l&#8217;ESO <a href=\"https:\/\/preinscripcio.gencat.cat\/ca\/estudis\/eso\/inici\/\">cliqueu aqu\u00ed<\/a>.<\/p>\n\n\n<\/p>\n\n\n<p>Calendari:<\/p>\n\n\n<\/p>\n\n\n<ul class=\"wp-block-list\">\n<li>27 de febrer &#8211; Portes obertes del Pallach<\/li>\n\n\n\n<li>3 de mar\u00e7 &#8211; Publicaci\u00f3 de l&#8217;oferta inicial de places (<a href=\"https:\/\/agora.xtec.cat\/ceippallach-figueres\/wp-content\/uploads\/usu654\/2026\/02\/INFORME_OFERTA_OME.pdf\">consulteu aqu\u00ed<\/a>)<\/li>\n\n\n\n<li>Del 4 al 18 de mar\u00e7 &#8211; Presentaci\u00f3 de sol\u00b7licituds i documentaci\u00f3<\/li>\n\n\n\n<li>Fins al 19 de mar\u00e7 &#8211; Presentaci\u00f3 de documentaci\u00f3<\/li>\n\n\n\n<li>15 d&#8217;abril &#8211; Publicaci\u00f3 de les llistes amb puntuaci\u00f3 provisional (<a href=\"https:\/\/agora.xtec.cat\/ceippallach-figueres\/wp-content\/uploads\/usu654\/2026\/04\/INFORME_BAREM_PROVISIONAL_BAREM2026.pdf\" data-type=\"link\" data-id=\"https:\/\/agora.xtec.cat\/ceippallach-figueres\/wp-content\/uploads\/usu654\/2026\/04\/INFORME_BAREM_PROVISIONAL_BAREM2026.pdf\">consulteu aqu\u00ed<\/a>)<\/li>\n\n\n\n<li>Del 15 al 20 d&#8217;abril &#8211; Presentaci\u00f3 de reclamacions<\/li>\n\n\n\n<li>23 d&#8217;abril &#8211; Publicaci\u00f3 de les llistes amb les reclamacions resoltes<\/li>\n\n\n\n<li>28 d&#8217;abril &#8211; Sorteig del n\u00famero de desempat<\/li>\n\n\n\n<li>29 d&#8217;abril \u2013 Publicaci\u00f3 de les llistes ordenades<\/li>\n\n\n\n<li>10 de juny &#8211; Publicaci\u00f3 de la llista d&#8217;admesos i la llista d&#8217;espera<\/li>\n\n\n\n<li>Del 22 al 30 de juny &#8211; Matriculaci\u00f3<\/li>\n<\/ul>\n\n\n<\/p>\n\n\n<p><a href=\"https:\/\/agora.xtec.cat\/ceippallach-figueres\/portes-obertes\/\">En aquest apartat<\/a> del nostre web hi trobareu tota la informaci\u00f3 sobre les portes obertes i v\u00eddeos amb imatges del nostre centre.<\/p>\n\n\n<\/p>\n\n\n<p><a href=\"https:\/\/preinscripcio.gencat.cat\/ca\/inici\">Aqu\u00ed hi ha<\/a> tota la informaci\u00f3 del Departament d&#8217;Ensenyament.<\/p>\n\n\n<\/p>\n\n\n<p><a href=\"https:\/\/sites.google.com\/xtec.cat\/pee-figueres\/guia-de-centres\">Aqu\u00ed teniu<\/a> la Guia de centres educatius de Figueres, i&nbsp;<a href=\"https:\/\/agora.xtec.cat\/ceippallach-figueres\/wp-content\/uploads\/usu654\/2023\/06\/8-orientacions-per-triar-escola-publicada.pdf\">aqu\u00ed el tr\u00edptic &#8220;Orientacions per triar escola&#8221;<\/a>&nbsp;que ha editat l&#8217;Ajuntament.<\/p>\n\n\n<\/p>\n\n\n<p><strong>Podeu posar-vos en contacte amb l&#8217;escola i plantejar qualsevol dubte a trav\u00e9s del correu electr\u00f2nic: <a href=\"mailto:b7004891@xtec.cat\" target=\"_blank\" rel=\"noopener noreferrer\">b7004891@xtec.cat&nbsp;<\/a>o trucant per tel\u00e8fon al 972 50 96 53.<\/strong><\/p>\n\n\n<\/p>\n\n\n<p>V\u00eddeo sobre com emplenar la sol\u00b7licitud:<\/p>\n\n\n\n\n\n<figure class=\"wp-block-embed\"><div class=\"wp-block-embed__wrapper\">\nhttps:\/\/youtu.be\/Omp-kUD35O4\n<\/div><\/figure>\n","protected":false},"excerpt":{"rendered":"<p>Ja teniu aqu\u00ed tota la informaci\u00f3 sobre el proc\u00e9s de preinscripci\u00f3 pel curs vinent.<\/p>\n","protected":false},"author":1,"featured_media":6293,"comment_status":"open","ping_status":"closed","sticky":false,"template":"","format":"standard","meta":{"_bbp_topic_count":0,"_bbp_reply_count":0,"_bbp_total_topic_count":0,"_bbp_total_reply_count":0,"_bbp_voice_count":0,"_bbp_anonymous_reply_count":0,"_bbp_topic_count_hidden":0,"_bbp_reply_count_hidden":0,"_bbp_forum_subforum_count":0,"site-sidebar-layout":"default","site-content-layout":"","ast-site-content-layout":"default","site-content-style":"default","site-sidebar-style":"default","ast-global-header-display":"","ast-banner-title-visibility":"","ast-main-header-display":"","ast-hfb-above-header-display":"","ast-hfb-below-header-display":"","ast-hfb-mobile-header-display":"","site-post-title":"","ast-breadcrumbs-content":"","ast-featured-img":"","footer-sml-layout":"","theme-transparent-header-meta":"","adv-header-id-meta":"","stick-header-meta":"","header-above-stick-meta":"","header-main-stick-meta":"","header-below-stick-meta":"","astra-migrate-meta-layouts":"set","ast-page-background-enabled":"default","ast-page-background-meta":{"desktop":{"background-color":"var(--ast-global-color-4)","background-image":"","background-repeat":"repeat","background-position":"center center","background-size":"auto","background-attachment":"scroll","background-type":"","background-media":"","overlay-type":"","overlay-color":"","overlay-opacity":"","overlay-gradient":""},"tablet":{"background-color":"","background-image":"","background-repeat":"repeat","background-position":"center center","background-size":"auto","background-attachment":"scroll","background-type":"","background-media":"","overlay-type":"","overlay-color":"","overlay-opacity":"","overlay-gradient":""},"mobile":{"background-color":"","background-image":"","background-repeat":"repeat","background-position":"center center","background-size":"auto","background-attachment":"scroll","background-type":"","background-media":"","overlay-type":"","overlay-color":"","overlay-opacity":"","overlay-gradient":""}},"ast-content-background-meta":{"desktop":{"background-color":"var(--ast-global-color-5)","background-image":"","background-repeat":"repeat","background-position":"center center","background-size":"auto","background-attachment":"scroll","background-type":"","background-media":"","overlay-type":"","overlay-color":"","overlay-opacity":"","overlay-gradient":""},"tablet":{"background-color":"var(--ast-global-color-5)","background-image":"","background-repeat":"repeat","background-position":"center center","background-size":"auto","background-attachment":"scroll","background-type":"","background-media":"","overlay-type":"","overlay-color":"","overlay-opacity":"","overlay-gradient":""},"mobile":{"background-color":"var(--ast-global-color-5)","background-image":"","background-repeat":"repeat","background-position":"center center","background-size":"auto","background-attachment":"scroll","background-type":"","background-media":"","overlay-type":"","overlay-color":"","overlay-opacity":"","overlay-gradient":""}},"footnotes":""},"categories":[4],"tags":[232],"class_list":["post-4340","post","type-post","status-publish","format-standard","has-post-thumbnail","hentry","category-portada","tag-preinscripcio"],"post_mailing_queue_ids":[],"_links":{"self":[{"href":"https:\/\/agora.xtec.cat\/ceippallach-figueres\/wp-json\/wp\/v2\/posts\/4340","targetHints":{"allow":["GET"]}}],"collection":[{"href":"https:\/\/agora.xtec.cat\/ceippallach-figueres\/wp-json\/wp\/v2\/posts"}],"about":[{"href":"https:\/\/agora.xtec.cat\/ceippallach-figueres\/wp-json\/wp\/v2\/types\/post"}],"author":[{"embeddable":true,"href":"https:\/\/agora.xtec.cat\/ceippallach-figueres\/wp-json\/wp\/v2\/users\/1"}],"replies":[{"embeddable":true,"href":"https:\/\/agora.xtec.cat\/ceippallach-figueres\/wp-json\/wp\/v2\/comments?post=4340"}],"version-history":[{"count":5,"href":"https:\/\/agora.xtec.cat\/ceippallach-figueres\/wp-json\/wp\/v2\/posts\/4340\/revisions"}],"predecessor-version":[{"id":6385,"href":"https:\/\/agora.xtec.cat\/ceippallach-figueres\/wp-json\/wp\/v2\/posts\/4340\/revisions\/6385"}],"wp:featuredmedia":[{"embeddable":true,"href":"https:\/\/agora.xtec.cat\/ceippallach-figueres\/wp-json\/wp\/v2\/media\/6293"}],"wp:attachment":[{"href":"https:\/\/agora.xtec.cat\/ceippallach-figueres\/wp-json\/wp\/v2\/media?parent=4340"}],"wp:term":[{"taxonomy":"category","embeddable":true,"href":"https:\/\/agora.xtec.cat\/ceippallach-figueres\/wp-json\/wp\/v2\/categories?post=4340"},{"taxonomy":"post_tag","embeddable":true,"href":"https:\/\/agora.xtec.cat\/ceippallach-figueres\/wp-json\/wp\/v2\/tags?post=4340"}],"curies":[{"name":"wp","href":"https:\/\/api.w.org\/{rel}","templated":true}]}}