{"id":4197,"date":"2021-01-24T19:42:24","date_gmt":"2021-01-24T18:42:24","guid":{"rendered":"http:\/\/agora.xtec.cat\/ceippallach-figueres\/?p=4197"},"modified":"2021-10-20T09:43:22","modified_gmt":"2021-10-20T07:43:22","slug":"parlem-de-dansa","status":"publish","type":"post","link":"https:\/\/agora.xtec.cat\/ceippallach-figueres\/6e-2023-2024\/parlem-de-dansa\/","title":{"rendered":"Parlem de dansa"},"content":{"rendered":"<p>El dia 11 de gener vam ser protagonistes del programa &#8220;Quin mat\u00ed&#8221; de R\u00e0dio Vilafant parlant de dansa, ja que formem part del projecte dels planters de dansa en qu\u00e8 Agitart col\u00b7labora.<\/p>\n<p>L&#8217;Azu va parlar del Projecte Planters que es fa a diferentes escoles i en concret del nostre planter de dansa. Ella destaca que la dansa est\u00e0 sempre en l&#8217;educaci\u00f3 f\u00edsica ja el nostre cos \u00e9s l&#8217;eina b\u00e0sica\u00a0 per dur-ho a terme, que la dansa no t\u00e9 g\u00e8nere i que ajuda al desenvolupament tant f\u00edsic com psicol\u00f2gic.<\/p>\n<p>Us deixem aqu\u00ed l&#8217;enlla\u00e7 perqu\u00e8 escolteu el programa, els nostres alumnes col\u00b7laboren a partir del minut 4.30.<\/p>\n<p><a href=\"https:\/\/www.radiovilafant.net\/radiocarta\/quinmati\/QM-AGITART%2011%20GENER~0.mp3\">https:\/\/www.radiovilafant.net\/radiocarta\/quinmati\/QM-AGITART%2011%20GENER~0.mp3<\/a><\/p>\n<p>Tamb\u00e9 un deixem un petit recull de fotos i v\u00eddeos de la sessi\u00f3 d&#8217;improvisacions.<\/p>\n<p><a href=\"https:\/\/photos.app.goo.gl\/3oAMN7J7Lioc1f5w5\"><img loading=\"lazy\" decoding=\"async\" class=\"wp-image-4198 aligncenter\" src=\"https:\/\/agora.xtec.cat\/ceippallach-figueres\/wp-content\/uploads\/usu654\/2021\/01\/b479025d-c2e1-4457-a5d1-fe68b78ad8f4-1024x768.jpg\" alt=\"\" width=\"310\" height=\"233\" srcset=\"https:\/\/agora.xtec.cat\/ceippallach-figueres\/wp-content\/uploads\/usu654\/2021\/01\/b479025d-c2e1-4457-a5d1-fe68b78ad8f4-1024x768.jpg 1024w, https:\/\/agora.xtec.cat\/ceippallach-figueres\/wp-content\/uploads\/usu654\/2021\/01\/b479025d-c2e1-4457-a5d1-fe68b78ad8f4-300x225.jpg 300w, https:\/\/agora.xtec.cat\/ceippallach-figueres\/wp-content\/uploads\/usu654\/2021\/01\/b479025d-c2e1-4457-a5d1-fe68b78ad8f4-768x576.jpg 768w, https:\/\/agora.xtec.cat\/ceippallach-figueres\/wp-content\/uploads\/usu654\/2021\/01\/b479025d-c2e1-4457-a5d1-fe68b78ad8f4-200x150.jpg 200w, https:\/\/agora.xtec.cat\/ceippallach-figueres\/wp-content\/uploads\/usu654\/2021\/01\/b479025d-c2e1-4457-a5d1-fe68b78ad8f4.jpg 1600w\" sizes=\"auto, (max-width: 310px) 100vw, 310px\" \/><\/a><\/p>\n<p>&nbsp;<\/p>\n<p>&nbsp;<\/p>\n","protected":false},"excerpt":{"rendered":"<p>El dia 11 de gener vam ser protagonistes del programa &#8220;Quin mat\u00ed&#8221; de R\u00e0dio Vilafant parlant de dansa, ja que formem part del projecte dels planters de dansa en qu\u00e8 Agitart col\u00b7labora.<\/p>\n","protected":false},"author":8,"featured_media":4198,"comment_status":"open","ping_status":"closed","sticky":false,"template":"","format":"standard","meta":{"_bbp_topic_count":0,"_bbp_reply_count":0,"_bbp_total_topic_count":0,"_bbp_total_reply_count":0,"_bbp_voice_count":0,"_bbp_anonymous_reply_count":0,"_bbp_topic_count_hidden":0,"_bbp_reply_count_hidden":0,"_bbp_forum_subforum_count":0,"site-sidebar-layout":"default","site-content-layout":"","ast-site-content-layout":"","site-content-style":"default","site-sidebar-style":"default","ast-global-header-display":"","ast-banner-title-visibility":"","ast-main-header-display":"","ast-hfb-above-header-display":"","ast-hfb-below-header-display":"","ast-hfb-mobile-header-display":"","site-post-title":"","ast-breadcrumbs-content":"","ast-featured-img":"","footer-sml-layout":"","theme-transparent-header-meta":"","adv-header-id-meta":"","stick-header-meta":"","header-above-stick-meta":"","header-main-stick-meta":"","header-below-stick-meta":"","astra-migrate-meta-layouts":"default","ast-page-background-enabled":"default","ast-page-background-meta":{"desktop":{"background-color":"var(--ast-global-color-4)","background-image":"","background-repeat":"repeat","background-position":"center center","background-size":"auto","background-attachment":"scroll","background-type":"","background-media":"","overlay-type":"","overlay-color":"","overlay-opacity":"","overlay-gradient":""},"tablet":{"background-color":"","background-image":"","background-repeat":"repeat","background-position":"center center","background-size":"auto","background-attachment":"scroll","background-type":"","background-media":"","overlay-type":"","overlay-color":"","overlay-opacity":"","overlay-gradient":""},"mobile":{"background-color":"","background-image":"","background-repeat":"repeat","background-position":"center center","background-size":"auto","background-attachment":"scroll","background-type":"","background-media":"","overlay-type":"","overlay-color":"","overlay-opacity":"","overlay-gradient":""}},"ast-content-background-meta":{"desktop":{"background-color":"var(--ast-global-color-5)","background-image":"","background-repeat":"repeat","background-position":"center center","background-size":"auto","background-attachment":"scroll","background-type":"","background-media":"","overlay-type":"","overlay-color":"","overlay-opacity":"","overlay-gradient":""},"tablet":{"background-color":"var(--ast-global-color-5)","background-image":"","background-repeat":"repeat","background-position":"center center","background-size":"auto","background-attachment":"scroll","background-type":"","background-media":"","overlay-type":"","overlay-color":"","overlay-opacity":"","overlay-gradient":""},"mobile":{"background-color":"var(--ast-global-color-5)","background-image":"","background-repeat":"repeat","background-position":"center center","background-size":"auto","background-attachment":"scroll","background-type":"","background-media":"","overlay-type":"","overlay-color":"","overlay-opacity":"","overlay-gradient":""}},"footnotes":""},"categories":[10,9,527],"tags":[462,236,501,515],"class_list":["post-4197","post","type-post","status-publish","format-standard","has-post-thumbnail","hentry","category-6e-2022-2023","category-6e-2023-2024","category-planter_de_dansa","tag-conarte","tag-educacio-fisica","tag-planter-de-dansa","tag-radio"],"post_mailing_queue_ids":[],"_links":{"self":[{"href":"https:\/\/agora.xtec.cat\/ceippallach-figueres\/wp-json\/wp\/v2\/posts\/4197","targetHints":{"allow":["GET"]}}],"collection":[{"href":"https:\/\/agora.xtec.cat\/ceippallach-figueres\/wp-json\/wp\/v2\/posts"}],"about":[{"href":"https:\/\/agora.xtec.cat\/ceippallach-figueres\/wp-json\/wp\/v2\/types\/post"}],"author":[{"embeddable":true,"href":"https:\/\/agora.xtec.cat\/ceippallach-figueres\/wp-json\/wp\/v2\/users\/8"}],"replies":[{"embeddable":true,"href":"https:\/\/agora.xtec.cat\/ceippallach-figueres\/wp-json\/wp\/v2\/comments?post=4197"}],"version-history":[{"count":3,"href":"https:\/\/agora.xtec.cat\/ceippallach-figueres\/wp-json\/wp\/v2\/posts\/4197\/revisions"}],"predecessor-version":[{"id":4219,"href":"https:\/\/agora.xtec.cat\/ceippallach-figueres\/wp-json\/wp\/v2\/posts\/4197\/revisions\/4219"}],"wp:featuredmedia":[{"embeddable":true,"href":"https:\/\/agora.xtec.cat\/ceippallach-figueres\/wp-json\/wp\/v2\/media\/4198"}],"wp:attachment":[{"href":"https:\/\/agora.xtec.cat\/ceippallach-figueres\/wp-json\/wp\/v2\/media?parent=4197"}],"wp:term":[{"taxonomy":"category","embeddable":true,"href":"https:\/\/agora.xtec.cat\/ceippallach-figueres\/wp-json\/wp\/v2\/categories?post=4197"},{"taxonomy":"post_tag","embeddable":true,"href":"https:\/\/agora.xtec.cat\/ceippallach-figueres\/wp-json\/wp\/v2\/tags?post=4197"}],"curies":[{"name":"wp","href":"https:\/\/api.w.org\/{rel}","templated":true}]}}