{"id":4086,"date":"2026-04-27T08:55:00","date_gmt":"2026-04-27T06:55:00","guid":{"rendered":"http:\/\/agora.xtec.cat\/ceippallach-figueres\/?p=4086"},"modified":"2026-04-25T18:56:40","modified_gmt":"2026-04-25T16:56:40","slug":"la-musica-que-ens-acompanya-2","status":"publish","type":"post","link":"https:\/\/agora.xtec.cat\/ceippallach-figueres\/portada\/la-musica-que-ens-acompanya-2\/","title":{"rendered":"La m\u00fasica que ens acompanya"},"content":{"rendered":"\n<p>La can\u00e7\u00f3 que ens acompanya aquesta setmana a les entrades i sortides de l&#8217;escola \u00e9s &#8220;Energia&#8221; del grup Doctor Prats. L&#8217;han escollida els nens i nenes de 1r C , perqu\u00e8 \u00e9s una can\u00e7\u00f3 alegre i col\u00b7lectiva que fomenta valors com la uni\u00f3 i la motivaci\u00f3, ajudant a comen\u00e7ar i acabar el dia (i el curs) amb bon ambient.<\/p>\n\n\n\n<figure class=\"wp-block-embed is-type-rich is-provider-spotify wp-block-embed-spotify wp-embed-aspect-21-9 wp-has-aspect-ratio\"><div class=\"wp-block-embed__wrapper\">\n<div class=\"ast-oembed-container \" style=\"height: 100%;\"><iframe title=\"Spotify Embed: Energia!\" style=\"border-radius: 12px\" width=\"100%\" height=\"152\" frameborder=\"0\" allowfullscreen allow=\"autoplay; clipboard-write; encrypted-media; fullscreen; picture-in-picture\" loading=\"lazy\" src=\"https:\/\/open.spotify.com\/embed\/track\/0S2ghDlCY0B4AvYDmFobeK?si=7c7b698f6aa144f7&amp;utm_source=oembed\"><\/iframe><\/div>\n<\/div><\/figure>\n\n\n\n<p>Abans que aquesta, la m\u00fasica que ens ha acompanyat ha estat:<\/p>\n\n\n\n<ul class=\"wp-block-list\">\n<li><a href=\"https:\/\/open.spotify.com\/track\/42yPAZxx1p5VOVliK81f20?si=fcd5ade1c4c24bf4\">&#8220;Sant Jordi&#8221; de D\u00e0maris Gelabert<\/a><\/li>\n\n\n\n<li><a href=\"https:\/\/open.spotify.com\/track\/2VImaAU0L6cvtUPeRSx5LV?si=93f345f9a1f444b4\">&#8220;La DJ GU\u00ed&#8221; del Pot Petit<\/a><\/li>\n\n\n\n<li><a href=\"https:\/\/open.spotify.com\/track\/42dX767ZcsJN2hiBZkFCbh?si=eedb0a71367d4107\">&#8220;Escriurem&#8221; d&#8217;en Miki N\u00fa\u00f1ez<\/a><\/li>\n\n\n\n<li><a href=\"https:\/\/open.spotify.com\/track\/3jlGvwf5MXcuuLZ0R1e3kB?si=6cf2b8b96faa4a3e\">&#8220;Una can\u00e7\u00f3&#8221; d&#8217;en Julen<\/a><\/li>\n\n\n\n<li><a href=\"https:\/\/open.spotify.com\/track\/4xutaaS16LIGdEob91oG8P?si=b167090426ab45f3\">&#8220;Quan tot s&#8217;enlaira&#8221; dels Txarango<\/a><\/li>\n\n\n\n<li><a href=\"https:\/\/open.spotify.com\/track\/6qBNVuYXp50DBdobJ72hAx?si=d84b57a5e8594bed\">&#8220;Un lloc&#8221; d&#8217;en Guillem Roma<\/a><\/li>\n\n\n\n<li><a href=\"https:\/\/open.spotify.com\/track\/5MAS12lvqXNvsYX7vf30z8?si=7185ce5467bc4f40\">&#8220;La Sortida&#8221; dels Sense Sal<\/a><\/li>\n\n\n\n<li><a href=\"https:\/\/open.spotify.com\/track\/6yXfa5OsSJc1Tp0drOmEKE?si=a1378d725fcf4946\" data-type=\"link\" data-id=\"https:\/\/open.spotify.com\/track\/6yXfa5OsSJc1Tp0drOmEKE?si=a1378d725fcf4946\">&#8220;Guap\u00edssima&#8221; de la Banda Neon<\/a><\/li>\n\n\n\n<li>&#8220;<a href=\"https:\/\/open.spotify.com\/track\/1lvBVtU6beiq5UzUZRDHfk?si=d623f4c7ce4d4b35\">A la freska&#8221; dels Figa Flawas<\/a><\/li>\n\n\n\n<li><a href=\"https:\/\/open.spotify.com\/track\/0SuBZErVjsmwNucfoz0thF?si=da73ca58a6c84026\">&#8220;Live your life&#8221; d&#8217;en Mika<\/a><\/li>\n\n\n\n<li><a href=\"https:\/\/open.spotify.com\/track\/7rJmAdR5fswmcKH1TzV9fE?si=fcb2fc9eeab64d79\">&#8220;Elefants&#8221; dels Oques Grasses<\/a><\/li>\n\n\n\n<li><a href=\"https:\/\/open.spotify.com\/track\/5ZrDlcxIDZyjOzHdYW1ydr?si=546118d5e6fe4584\" data-type=\"link\" data-id=\"https:\/\/open.spotify.com\/track\/5ZrDlcxIDZyjOzHdYW1ydr?si=546118d5e6fe4584\">&#8220;Barbie Girl&#8221; dels Aqua<\/a><\/li>\n\n\n\n<li><a href=\"https:\/\/open.spotify.com\/track\/5vNRhkKd0yEAg8suGBpjeY?si=16b6bedc55f34467\">&#8220;APT&#8221; de la Ros\u00e9 i en Bruno Mars<\/a><\/li>\n\n\n\n<li><a href=\"https:\/\/open.spotify.com\/track\/4bAFo6r2ODMDoqM5YHV2gM?si=403cea04193d431c\">&#8220;I like to move it&#8221; d&#8217;en Will.i.am<\/a><\/li>\n\n\n\n<li><a href=\"https:\/\/youtu.be\/KqhlDlAONfs?list=RDKqhlDlAONfs\">&#8220;Festa Major&#8221; d&#8217;en Rikus i El Pot Petit<\/a><\/li>\n\n\n\n<li><a href=\"https:\/\/open.spotify.com\/track\/5X7UoJaetwpP5ygF7IL79s?si=5cfcc3febc3543e2&amp;nd=1&amp;dlsi=aa7b31db8da84829\">&#8220;El drac Q\u00fc\u00ed&#8221; dels Ambauka<\/a><\/li>\n\n\n\n<li><a href=\"https:\/\/open.spotify.com\/track\/7sXTcibuNYugjjYNfgf2kY?si=276e4e01f3154d11\" data-type=\"link\" data-id=\"https:\/\/open.spotify.com\/track\/7sXTcibuNYugjjYNfgf2kY?si=276e4e01f3154d11\">&#8220;Felicit\u00e0&#8221; de l&#8217;Al Bano i la Romina Power<\/a><\/li>\n\n\n\n<li><a href=\"https:\/\/open.spotify.com\/track\/3nJ3hk158f3E1i1mKVBd3d?si=99356fc131a34720&amp;nd=1&amp;dlsi=e46f194af3f04d46\">&#8220;Celebrem&#8221; d&#8217;en Miki N\u00fa\u00f1ez<\/a><\/li>\n\n\n\n<li><a href=\"https:\/\/open.spotify.com\/track\/6YphK8GfmzFAKFpHEFv98E?si=a40673782e3d41dc\">&#8220;Bicicletes&#8221; dels Blaumut<\/a><\/li>\n\n\n\n<li><a href=\"https:\/\/open.spotify.com\/track\/1DnQiHRa2XnfwIf8qVl5C1?si=1b7852afd758479e\"> &#8220;De ellos aprend\u00ed&#8221; d&#8217;en David Rees<\/a><\/li>\n\n\n\n<li><a href=\"https:\/\/open.spotify.com\/track\/113M1vt6b293uI4j1HDvTR?si=4dd3ab24eb5a425b\" data-type=\"link\" data-id=\"https:\/\/open.spotify.com\/track\/113M1vt6b293uI4j1HDvTR?si=4dd3ab24eb5a425b\">&#8220;Comen\u00e7ar&#8221; de The Tyets, Kelly Isaiah i Marala<\/a><\/li>\n\n\n\n<li><a href=\"https:\/\/open.spotify.com\/track\/0dGhSrwTAdfdVG1pDGiLJR?go=1&amp;sp_cid=60fe5f398fb6bca40665d5c7c86594a2&amp;utm_source=embed_player_p&amp;utm_medium=desktop&amp;si=ec3f15b0247242bb&amp;nd=1&amp;dlsi=532e19fbe6604314\" data-type=\"link\" data-id=\"https:\/\/open.spotify.com\/track\/0dGhSrwTAdfdVG1pDGiLJR?go=1&amp;sp_cid=60fe5f398fb6bca40665d5c7c86594a2&amp;utm_source=embed_player_p&amp;utm_medium=desktop&amp;si=ec3f15b0247242bb&amp;nd=1&amp;dlsi=532e19fbe6604314\">&#8220;Fil de llum&#8221; de l&#8217;Andreu Rif\u00e9<\/a><\/li>\n\n\n\n<li><a href=\"https:\/\/www.youtube.com\/watch?v=Qj-t8SRq2mw\" data-type=\"link\" data-id=\"https:\/\/www.youtube.com\/watch?v=Qj-t8SRq2mw\">&#8220;Nom\u00e9s viure&#8221; dels Ginest\u00e0<\/a><\/li>\n\n\n\n<li><a href=\"https:\/\/www.youtube.com\/watch?v=pypUKWgyYZE&amp;list=RDpypUKWgyYZE&amp;start_radio=1\">&#8220;Actitud&#8221; dels Buhos amb Fraktal i Mon DJ<\/a><\/li>\n\n\n\n<li><a href=\"https:\/\/www.youtube.com\/watch?v=uKQlPO3wY0E\">&#8220;Volcans&#8221; dels Buhos<\/a><\/li>\n\n\n\n<li><a href=\"https:\/\/www.youtube.com\/watch?v=iECO0lOhcK8\">&#8220;El Petit Pr\u00edncep&#8221; amb les Maced\u00f2nia<\/a><\/li>\n\n\n\n<li><a href=\"https:\/\/www.youtube.com\/watch?v=FRTNenPe514&amp;list=RDFRTNenPe514&amp;start_radio=1\" data-type=\"link\" data-id=\"https:\/\/www.youtube.com\/watch?v=FRTNenPe514&amp;list=RDFRTNenPe514&amp;start_radio=1\">&#8220;No \u00e9s Miami&#8221; dels Buhos, els Catarres i en Henry M\u00e9ndez<\/a><\/li>\n\n\n\n<li><a href=\"https:\/\/youtu.be\/KFowkm88MXA?list=RDKFowkm88MXA\" data-type=\"link\" data-id=\"https:\/\/youtu.be\/KFowkm88MXA?list=RDKFowkm88MXA\">&#8220;Deixar-se anar de la m\u00e0&#8221; de Ginest\u00e0 i la Laia Manzanares<\/a><\/li>\n\n\n\n<li><a href=\"https:\/\/www.youtube.com\/watch?v=VebVifKv3UM&amp;list=RDVebVifKv3UM&amp;start_radio=1\" data-type=\"link\" data-id=\"https:\/\/www.youtube.com\/watch?v=VebVifKv3UM&amp;list=RDVebVifKv3UM&amp;start_radio=1\">&#8220;Juramento eterno de sal&#8221; de l&#8217;\u00c1lvaro de Luna<\/a><\/li>\n\n\n\n<li><a href=\"https:\/\/youtu.be\/g21fcoUkag0\">&#8220;Que no s&#8217;acabi&#8221; dels Figa Flawas<\/a><\/li>\n\n\n\n<li><a href=\"https:\/\/youtu.be\/5B8Uq1xmhio\">&#8220;Gelat&#8221; d&#8217;en Miki N\u00fa\u00f1ez<\/a><\/li>\n\n\n\n<li><a href=\"https:\/\/www.youtube.com\/watch?v=HdCxFIC93Ws\">&#8220;Viu l&#8217;estiu&#8221; del Pot Petit<\/a><\/li>\n\n\n\n<li><a href=\"https:\/\/www.youtube.com\/watch?v=NbYg1xCkEms\">&#8220;Vull ser el teu amic&#8221; del musical del Petit Pr\u00edncep<\/a><\/li>\n\n\n\n<li><a href=\"https:\/\/youtu.be\/ksLd3Tm_uLs\">&#8220;Elefants&#8221; dels Oques Grasses<\/a><\/li>\n\n\n\n<li><a href=\"https:\/\/youtu.be\/ekr2nIex040\">&#8220;APT.&#8221; de ROS\u00c9 i Bruno Mars<\/a><\/li>\n\n\n\n<li><a href=\"https:\/\/youtu.be\/3V3wqsvn39M\">&#8220;Good day&#8221; d&#8217;en Nil Moliner i Camidoh<\/a><\/li>\n\n\n\n<li><a href=\"https:\/\/www.youtube.com\/watch?v=KqhlDlAONfs\">&#8220;Festa Major&#8221; d&#8217;en Rikus<\/a><\/li>\n\n\n\n<li><a href=\"https:\/\/www.youtube.com\/watch?v=4L04S3rc6Z0&amp;list=RD4L04S3rc6Z0&amp;start_radio=1\">&#8220;La fortuna&#8221; del grup Catarres<\/a><\/li>\n\n\n\n<li><a href=\"https:\/\/youtu.be\/qaZ0oAh4evU\">&#8220;Sofia&#8221; del cantant \u00c1lvaro Soler<\/a><\/li>\n\n\n\n<li><a href=\"https:\/\/youtu.be\/g8Kmt7gwbMw\">&#8220;Sort de tu&#8221; dels Oques Grasses<\/a><\/li>\n\n\n\n<li><a href=\"https:\/\/youtu.be\/sEcexq7vbnk\">&#8220;Vaig aprendre&#8221; del musical del Petit Pr\u00edncep<\/a><\/li>\n\n\n\n<li><a href=\"https:\/\/youtu.be\/zo157YvpaTI\">&#8220;Que tot et vagi b\u00e9&#8221; dels Txarango<\/a><\/li>\n\n\n\n<li><a href=\"https:\/\/youtu.be\/BX0lKSa_PTk\">&#8220;Miss you&#8221; d&#8217;Oliver Tree i Robin Schulz<\/a><\/li>\n\n\n\n<li><a href=\"https:\/\/youtu.be\/vyU8NkQlQDY\">&#8220;Me vale&#8221; de Miki N\u00fa\u00f1ez<\/a><\/li>\n\n\n\n<li><a href=\"https:\/\/youtu.be\/S67Ic1XJ3mE\">&#8220;Tot \u00e9s part de ser un pirata&#8221; de El Pony Pisador<\/a><\/li>\n\n\n\n<li><a href=\"https:\/\/youtu.be\/VebVifKv3UM\">&#8220;Juramento eterno de sal&#8221; de l&#8217;\u00c1lvaro de Luna<\/a><\/li>\n\n\n\n<li><a href=\"https:\/\/youtu.be\/tGBDUvziCL0\">&#8220;A la ciutat Maragda&#8221; del musical El m\u00e0gic d&#8217;Oz de la companyia La Brutal<\/a><\/li>\n\n\n\n<li><a href=\"https:\/\/youtu.be\/uO4J0mD2T8U\">&#8220;Verd&#8221; del musical El m\u00e0gic d&#8217;Oz de la companyia La Brutal<\/a><\/li>\n\n\n\n<li><a href=\"https:\/\/youtu.be\/eNLjdPI9zdE\">&#8220;La vaca Lola&#8221;<\/a><\/li>\n\n\n\n<li><a href=\"https:\/\/youtu.be\/XqZsoesa55w\">&#8220;Baby Shark&#8221; dels Pinkfong<\/a><\/li>\n\n\n\n<li><a href=\"https:\/\/youtu.be\/ai0l865orA0\">&#8220;Sweet Caroline&#8221;, un cl\u00e0ssic de Neil Diamond versionat pels Buhos<\/a><\/li>\n\n\n\n<li><a href=\"https:\/\/youtu.be\/m5MynIVNtFc\">&#8220;Diamants&#8221; dels Catarres amb l&#8217;Escolania de Montserrat<\/a><\/li>\n\n\n\n<li><a href=\"https:\/\/youtu.be\/gset79KMmt0\">&#8220;Snowman&#8221; de la Sia<\/a><\/li>\n\n\n\n<li><a href=\"https:\/\/youtu.be\/_WT7gLaGS_Y\">&#8220;Un hivern de colors&#8221; de Xavi Gonz\u00e1lez i Anna Llopart<\/a><\/li>\n\n\n\n<li><a href=\"https:\/\/youtu.be\/Zo30nFn3odk\">&#8220;Bombolles de Nadal&#8221; de Maus Kids<\/a><\/li>\n\n\n\n<li><a href=\"https:\/\/youtu.be\/aF7ALdeyDos\">&#8220;Llums de Nadal&#8221;<\/a><\/li>\n\n\n\n<li><a href=\"https:\/\/youtu.be\/G_WneihyLZ8\">&#8220;Comen\u00e7ar&#8221; de les Marala, els The Tyets i en Kelly Isaiah<\/a><\/li>\n\n\n\n<li><a href=\"https:\/\/youtu.be\/pypUKWgyYZE\">&#8220;Actitud&#8221; dels Buhos<\/a><\/li>\n\n\n\n<li><a href=\"https:\/\/www.youtube.com\/watch?v=Qe_zbtxVHw4\">&#8220;Amb tu&#8221; dels Buhos amb Ivet Sol\u00e9 i Ixent Sol\u00e9<\/a><\/li>\n\n\n\n<li><a href=\"https:\/\/youtu.be\/Kx73OzRj7qE\">&#8220;Coti x coti&#8221; de The Tyets<\/a><\/li>\n\n\n\n<li><a href=\"https:\/\/youtu.be\/9iQwWp3ykRc\">&#8220;Caminem lluny&#8221; de Doctor Prats<\/a><\/li>\n\n\n\n<li><a href=\"https:\/\/www.youtube.com\/watch?v=E7VLyRjp5vg\">&#8220;Belong together&#8221; de Mark Ambor<\/a><\/li>\n\n\n\n<li><a href=\"https:\/\/www.youtube.com\/watch?v=AUijZcuCYdQ\">&#8220;Ser\u00e0 perqu\u00e8 t&#8217;estimo&#8221; dels Buhos<\/a><\/li>\n\n\n\n<li><a href=\"https:\/\/youtu.be\/H5v3kku4y6Q\">&#8220;As it was&#8221; de Harry Styles<\/a><\/li>\n\n\n\n<li><a href=\"https:\/\/youtu.be\/AfBb_CJ2HcM\">&#8220;Heroes vs Villanos Disney&#8221; d&#8217;en Julen i en Pitu Manubens<\/a><\/li>\n\n\n\n<li><a href=\"https:\/\/youtu.be\/T-fVXh2KHxM\">&#8220;Toca&#8221; dels Oques Grasses i els Figa Flawas<\/a><\/li>\n\n\n\n<li><a href=\"https:\/\/youtu.be\/WakP10DXiD0\">&#8220;La Marina sta morena&#8221; dels Figa Flawas<\/a><\/li>\n\n\n\n<li><a href=\"https:\/\/youtu.be\/HszRSBSijJk\">&#8220;Vamos pa&#8217; la playa&#8221; de Carlos Viernes<\/a><\/li>\n\n\n\n<li><a href=\"https:\/\/youtu.be\/XQaKFU3Fh_M\">&#8220;La gallina Turuleca&#8221;<\/a><\/li>\n\n\n\n<li><a href=\"https:\/\/youtu.be\/02d2P0KZWDk\">&#8220;Las babys&#8221; de la cantant Aitana<\/a><\/li>\n\n\n\n<li><a href=\"https:\/\/youtu.be\/51-gTnpKi3M\">&#8220;Bailoteo&#8221; de The Tyets<\/a><\/li>\n\n\n\n<li><a href=\"https:\/\/youtu.be\/utyaiklIQog\">&#8220;Libertad&#8221; de Nil Moliner<\/a><\/li>\n\n\n\n<li><a href=\"https:\/\/youtu.be\/mPqrlGaOn5k\">&#8220;Summercat&#8221; de The Tyets<\/a><\/li>\n\n\n\n<li><a href=\"https:\/\/youtu.be\/lYoWuaw5nSk\">&#8220;Riptide&#8221; de Vance Joy<\/a><\/li>\n\n\n\n<li><a style=\"font-family: inherit; font-size: 1em;\" href=\"https:\/\/youtu.be\/ssoAxwWRxPE\">&#8220;La nit est\u00e0 que crema&#8221; de Buhos<\/a><\/li>\n\n\n\n<li><a href=\"https:\/\/youtu.be\/yZ7cBunq8xo\">&#8220;Un poco loco&#8221; de Luis \u00c1ngel G\u00f3mez Jaramillo i Gael Garc\u00eda Bernal<\/a><\/li>\n\n\n\n<li><a href=\"https:\/\/youtu.be\/ru0K8uYEZWw\">&#8220;Can&#8217;t stop the feeling&#8221; de Justin Timberlake<\/a><\/li>\n\n\n\n<li><a href=\"https:\/\/youtu.be\/qp6cDEDc4P4\">&#8220;La meva sort&#8221; de Ginest\u00e0<\/a><\/li>\n\n\n\n<li><a href=\"https:\/\/youtu.be\/DkpXrqTVrKU\">&#8220;T&#8217;estimo molt&#8221; de Lax&#8217;n&#8217;Busto<\/a><\/li>\n\n\n\n<li><a href=\"https:\/\/youtu.be\/7m8zPLHq5cU\">&#8220;S&#8217;ha mort l&#8217;home m\u00e9s vell d&#8217;Espolla&#8221; de la Ludwig Band<\/a><\/li>\n\n\n\n<li><a href=\"https:\/\/youtu.be\/dvgZkm1xWPE\">&#8220;Viva la vida&#8221; de Coldplay<\/a><\/li>\n\n\n\n<li><a href=\"https:\/\/youtu.be\/8xG7mH8i-WE\">&#8220;Shake it off&#8221; de Taylor Swift<\/a><\/li>\n\n\n\n<li><a href=\"https:\/\/youtu.be\/fSxcX2ceoSg\">&#8220;Home is where the heart is&#8221; de Ramon Mirabet<\/a><\/li>\n\n\n\n<li><a href=\"https:\/\/www.youtube.com\/watch?v=Qsc_P8EwjZE\">&#8220;Celebrem&#8221; de Miki N\u00fa\u00f1ez<\/a><\/li>\n\n\n\n<li><a href=\"https:\/\/youtu.be\/HQcd2dSyIjE\">&#8220;El tren de mitjanit&#8221; de Sau<\/a><\/li>\n\n\n\n<li><a href=\"https:\/\/youtu.be\/7wfYIMyS_dI\">&#8220;Only time&#8221; de Enya<\/a><\/li>\n\n\n\n<li><a href=\"https:\/\/youtu.be\/rced0maPjGA\">&#8220;La can\u00e7\u00f3 de Pocoyo&#8221;<\/a><\/li>\n\n\n\n<li><a href=\"https:\/\/youtu.be\/sEcexq7vbnk\">&#8220;Vaig aprendre&#8221; del musical El Petit Pr\u00edncep<\/a><\/li>\n\n\n\n<li><a href=\"https:\/\/youtu.be\/yL3cD-HKDkM\">&#8220;Seguirem ballant&#8221; de Doctor Prats<\/a><\/li>\n\n\n\n<li><a href=\"https:\/\/youtu.be\/whuKasZzqDU\">&#8220;Les vocals&#8221; de la D\u00e0maris Gelabert<\/a><\/li>\n\n\n\n<li><a href=\"https:\/\/youtu.be\/0pFhvUe5Le8\">&#8220;El m\u00f3n de veritat&#8221; de Buhos i Juan Magan<\/a><\/li>\n\n\n\n<li><a style=\"font-family: inherit; font-size: 1em;\" href=\"https:\/\/youtu.be\/VkuRIZ7QyDM\">&#8220;Madre Tierra&#8221; de Chayanne<\/a><\/li>\n\n\n\n<li><a href=\"https:\/\/youtu.be\/mG-xqTR912Q\">&#8220;Supermercat&#8221; de Lildami<\/a><\/li>\n\n\n\n<li><a href=\"https:\/\/youtu.be\/IMjZ9ZyM7cc\">&#8220;Vuela alto&#8221; de Nil Moliner<\/a><\/li>\n\n\n\n<li><a href=\"https:\/\/youtu.be\/nWQ5ybKRx6c\">&#8220;Torno a ser jo&#8221; dels Oques Grasses<\/a><\/li>\n\n\n\n<li><a href=\"https:\/\/www.youtube.com\/watch?v=IG2xqegHlH4\">&#8220;Life is a highway&#8221; de Rascal Flatts (BSO Cars)<\/a><\/li>\n\n\n\n<li><a href=\"https:\/\/youtu.be\/Djd8_qfX1SY\">&#8220;Ser\u00e0 perqu\u00e8 t&#8217;estimo&#8221; de Buhos, Dany BPM i MonDJ<\/a><\/li>\n\n\n\n<li><a href=\"https:\/\/youtu.be\/ktBR7xvzhXM\">&#8220;Ho tenim tot&#8221; de Joan Daus\u00e0<\/a><\/li>\n\n\n\n<li><a href=\"https:\/\/youtu.be\/8DNQRtmIMxk\">&#8220;Saturday night&#8221; de Whigfield<\/a><\/li>\n\n\n\n<li><a href=\"https:\/\/www.youtube.com\/watch?v=QchEbsBBf2g\">&#8220;Me gusta la vida&#8221; de Funambulista<\/a><\/li>\n\n\n\n<li><a href=\"https:\/\/youtu.be\/G3rql0y9Sv8\">&#8220;Olivia&#8221; de The Tyets<\/a><\/li>\n\n\n\n<li><a href=\"https:\/\/www.youtube.com\/watch?v=CQLsdm1ZYAw\">&#8220;Calm down&#8221; de Rema<\/a><\/li>\n\n\n\n<li><a href=\"https:\/\/youtu.be\/pkCyfBibIbI\">&#8220;Better when I&#8217;m dancin'&#8221; de la Meghan Trainor<\/a><\/li>\n\n\n\n<li><a href=\"https:\/\/youtu.be\/K851gOYea1E\">&#8220;La primavera&#8221; de D\u00e0maris Gelabert<\/a><\/li>\n\n\n\n<li><a href=\"https:\/\/youtu.be\/Kx73OzRj7qE\">&#8220;Coti x coti&#8221; de The Tyets<\/a><\/li>\n\n\n\n<li><a href=\"https:\/\/youtu.be\/j4G-pew6n2U\">&#8220;Contents&#8221; d&#8217;AMBAUKA<\/a><\/li>\n\n\n\n<li><a href=\"https:\/\/www.youtube.com\/watch?v=D_8oyn2tby8\">&#8220;La primavera&#8221; d&#8217;Edu Esteve<\/a><\/li>\n\n\n\n<li><a href=\"https:\/\/youtu.be\/81Wur6ZMStU\">&#8220;Busca lo m\u00e1s vital&#8221; de la pel\u00b7l\u00edcula &#8220;El llibre de la selva&#8221;<\/a><\/li>\n\n\n\n<li><a href=\"https:\/\/youtu.be\/Eq0J2W7vkDQ\">&#8220;De ellos aprend\u00ed&#8221; de David Rees<\/a><\/li>\n\n\n\n<li><a href=\"https:\/\/youtu.be\/jqDEKHwpOJ0\">&#8220;Qu\u00e9 bonito es querer&#8221; de Manuel Carrasco<\/a><\/li>\n\n\n\n<li><a href=\"https:\/\/youtu.be\/ssoAxwWRxPE\">&#8220;La nit est\u00e0 que crema&#8221; dels Buhos<\/a><\/li>\n\n\n\n<li><a href=\"https:\/\/youtu.be\/MXsxcRd3LW4\">&#8220;Je veux&#8221; de Zaz<\/a><\/li>\n\n\n\n<li><a href=\"https:\/\/youtu.be\/60ItHLz5WEA\">&#8220;Faded&#8221; d&#8217;Alan Walker<\/a><\/li>\n\n\n\n<li><a href=\"https:\/\/youtu.be\/0nUUQNAKJJs\">&#8220;Volcans&#8221; de Buhos<\/a><\/li>\n\n\n\n<li><a href=\"https:\/\/youtu.be\/_1pfqwFXDVs\">&#8220;La n\u00f2ria&#8221; de Stay Homas<\/a><\/li>\n\n\n\n<li><a href=\"https:\/\/youtu.be\/nxyurm2Ci-k\">&#8220;Un m\u00f3n estrany (Cant\u00e0nia)&#8221; de Raquel Garc\u00eda-Tom\u00e1s i Bernat Castany.<\/a><\/li>\n\n\n\n<li><a href=\"https:\/\/youtu.be\/XeLaiL9tk68\">&#8220;Someone to you&#8221; de Banners<\/a><\/li>\n\n\n\n<li><a href=\"https:\/\/youtu.be\/By7_W_ehaWA\">&#8220;The Greatest Showman&#8221;, de Joseph Trapanese i Justin Paul<\/a><\/li>\n\n\n\n<li><a href=\"https:\/\/youtu.be\/By7_W_ehaWA\">&#8220;Snap&#8221; de Rosa Linn<\/a><\/li>\n\n\n\n<li><a href=\"https:\/\/youtu.be\/fYIQQJfLmtM\">&#8220;Bon dia vida&#8221; de Gertrudis<\/a><\/li>\n\n\n\n<li><a href=\"https:\/\/youtu.be\/KEMPzVCLjZg\">&#8220;Els pirates&#8221; del Pot Petit<\/a><\/li>\n\n\n\n<li><a href=\"https:\/\/youtu.be\/lYriMzzMsUw\">&#8220;El lle\u00f3 vergony\u00f3s&#8221; del Pot Petit<\/a><\/li>\n\n\n\n<li><a href=\"https:\/\/youtu.be\/KnXY9-s9j1w\">&#8220;Peu polidor&#8221; del Sac de Danses<\/a><\/li>\n\n\n\n<li><a href=\"https:\/\/youtu.be\/MMEN-fdTgXg\">&#8220;Rodolf, el petit c\u00e9rvol&#8221; del Club Super 3<\/a><\/li>\n\n\n\n<li><a href=\"https:\/\/youtu.be\/fyEAX7Cd3OE\">&#8220;Jingle Bell Rock&#8221; de Bobby Helms<\/a><\/li>\n\n\n\n<li><a href=\"https:\/\/www.youtube.com\/watch?v=3jzxDVCv8lA\">&#8220;Ti\u00f3 de Nadal&#8221; de El Pot Petit<\/a><\/li>\n\n\n\n<li><a href=\"https:\/\/youtu.be\/iECO0lOhcK8\">&#8220;El petit pr\u00edncep i les maced\u00f2nia&#8221;<\/a><\/li>\n\n\n\n<li><a href=\"https:\/\/youtu.be\/KpweJJdgvKI\">&#8220;Let it out&#8221; de Stay Homas<\/a><\/li>\n\n\n\n<li><a href=\"https:\/\/www.youtube.com\/watch?v=khOUGSMS__M\">&#8220;Mi gente&#8221; de J Balvin<\/a><\/li>\n\n\n\n<li><a href=\"https:\/\/youtu.be\/7wtfhZwyrcc\">&#8220;Believer&#8221; de Imagine Dragons<\/a><\/li>\n\n\n\n<li><a href=\"https:\/\/youtu.be\/utyaiklIQog\">&#8220;Libertad&#8221; de Nil Moliner<\/a><\/li>\n\n\n\n<li><a href=\"https:\/\/youtu.be\/L_jWHffIx5E\">&#8220;All star&#8221; de Smash Mouth<\/a><\/li>\n\n\n\n<li><a href=\"https:\/\/youtu.be\/ksLd3Tm_uLs\">&#8220;Elefants&#8221; d&#8217;Oques Grasses<\/a><\/li>\n\n\n\n<li><a href=\"https:\/\/www.youtube.com\/watch?v=uyLybOYqjpk\">&#8220;Seguirem ballant&#8221; de Doctor Prats<\/a><\/li>\n\n\n\n<li><a href=\"https:\/\/youtu.be\/qP-7GNoDJ5c\">&#8220;Wellerman&#8221; de Nathan Evans<\/a><\/li>\n\n\n\n<li><a href=\"https:\/\/youtu.be\/xgwSYlZSYN8\">&#8220;Una can\u00e7\u00f3&#8221; de Julen<\/a><\/li>\n\n\n\n<li><a href=\"https:\/\/youtu.be\/Y66j_BUCBMY\">&#8220;Best day of my life&#8221; de American Authors<\/a><\/li>\n\n\n\n<li><a href=\"https:\/\/youtu.be\/vyU8NkQlQDY\">&#8220;Me vale&#8221; de Miki N\u00fa\u00f1ez<\/a><\/li>\n\n\n\n<li><a href=\"https:\/\/www.youtube.com\/watch?v=uz-AaxOtEMk\">&#8220;L&#8217;escola que volem&#8221; de Xiula<\/a><\/li>\n\n\n\n<li><a href=\"https:\/\/youtu.be\/xgwSYlZSYN8\">&#8220;Una can\u00e7\u00f3&#8221; de Julen<\/a><\/li>\n\n\n\n<li><a href=\"https:\/\/youtu.be\/azpxHbUyuOw\">&#8220;You can&#8217;t say no forever&#8221; de Lacrosse<\/a><\/li>\n\n\n\n<li><a href=\"https:\/\/youtu.be\/NC4A97nuZZY\">&#8220;Viu l&#8217;estiu&#8221; del Pot Petit<\/a><\/li>\n\n\n\n<li><a href=\"https:\/\/youtu.be\/IKtzww4RFDc\">&#8220;Al mar&#8221; de Manel<\/a><\/li>\n\n\n\n<li><a href=\"https:\/\/youtu.be\/_8xfX5u5n_o\">&#8220;El teu estiu&#8221; de Sau<\/a><\/li>\n\n\n\n<li><a href=\"https:\/\/youtu.be\/nMOyOlmBYCU\">&#8220;Drunken Sailor&#8221; de Malinda<\/a><\/li>\n\n\n\n<li><a href=\"https:\/\/youtu.be\/8EFalFXALEA\">&#8220;Calma&#8221; de Pedro Cap\u00f3<\/a><\/li>\n\n\n\n<li><a href=\"https:\/\/youtu.be\/lpTGUFuEOQw\">&#8220;De bonesh&#8221;, d&#8217;Oques Grasses<\/a><\/li>\n\n\n\n<li><a href=\"https:\/\/youtu.be\/Ua5vP9WELhU\">&#8220;La Rambla del Poble Sec&#8221;, de Cesc Freixas<\/a><\/li>\n\n\n\n<li><a href=\"https:\/\/youtu.be\/Qsc_P8EwjZE\">&#8220;Celebrem&#8221; de Miki N\u00fa\u00f1ez<\/a><\/li>\n\n\n\n<li><a href=\"https:\/\/youtu.be\/x3a3MYOXDaQ\">&#8220;Tant de bo&#8221; de Suu<\/a><\/li>\n\n\n\n<li><a href=\"https:\/\/youtu.be\/TX0W4sxV0cY\">&#8220;Mirall de Pau&#8221; del Petit Taller de Can\u00e7ons<\/a><\/li>\n\n\n\n<li><a href=\"https:\/\/youtu.be\/UBJLsXMzWmw\">&#8220;El dia de la vict\u00f2ria&#8221; de Buhos<\/a><\/li>\n\n\n\n<li><a href=\"https:\/\/youtu.be\/orJSJGHjBLI\">&#8220;Bad habits&#8221; de Ed Sheran<\/a><\/li>\n\n\n\n<li><a href=\"https:\/\/youtu.be\/ru0K8uYEZWw\">&#8220;Can&#8217;t stop the feeling&#8221; de Justin Timberlake<\/a><\/li>\n\n\n\n<li><a href=\"https:\/\/youtu.be\/xFrGuyw1V8s\">&#8220;Dancing Queen&#8221; d&#8217;Abba<\/a><\/li>\n\n\n\n<li><a href=\"https:\/\/youtu.be\/QiWwuB46_o4\">&#8220;Magalenha&#8221; de S\u00e9rgio Mendes<\/a><\/li>\n\n\n\n<li><a href=\"https:\/\/www.youtube.com\/watch?v=NJSDfeWP9Wc\">&#8220;S\u00f3c un mico&#8221; del Pot Petit<\/a><\/li>\n\n\n\n<li><a href=\"https:\/\/youtu.be\/XqZsoesa55w\">&#8220;Baby Shark&#8221; de Pinkfong<\/a><\/li>\n\n\n\n<li><a href=\"https:\/\/youtu.be\/fYIQQJfLmtM\">&#8220;Bon dia vida&#8221; de Gertrudis<\/a><\/li>\n\n\n\n<li><a href=\"https:\/\/youtu.be\/87uzDJDR5KY\">&#8220;Camins&#8221; de Sopa de Cabra<\/a><\/li>\n\n\n\n<li><a href=\"https:\/\/youtu.be\/z6DoPp-LkTA\">&#8220;El baile del cuerpo&#8221; de Coreokids<\/a><\/li>\n\n\n\n<li><a href=\"https:\/\/youtu.be\/0f_TOLIr9Dk\">&#8220;Junts lluitarem per la vida&#8221; de Luis Fonsi<\/a><\/li>\n\n\n\n<li><a href=\"https:\/\/youtu.be\/yXQViqx6GMY\">&#8220;All I want for Christmas is you&#8221; de Mariah Carey<\/a><\/li>\n\n\n\n<li><a href=\"https:\/\/youtu.be\/q0hyYWKXF0Q\">&#8220;Dance Monkey&#8221; de Tones and I<\/a><\/li>\n\n\n\n<li><a href=\"https:\/\/youtu.be\/ktBR7xvzhXM\">&#8220;Ho tenim tot&#8221; de Joan Daus\u00e0<\/a><\/li>\n\n\n\n<li><a href=\"https:\/\/youtu.be\/7efbEB0X9NI\">&#8220;Ballarem&#8221; de Koers<\/a><\/li>\n\n\n\n<li><a href=\"https:\/\/youtu.be\/z1LiRpw2gYI\">&#8220;Que tot et vagi b\u00e9&#8221; de Txarango<\/a><\/li>\n\n\n\n<li><a href=\"https:\/\/youtu.be\/ksLd3Tm_uLs\">&#8220;Elefants&#8221; d&#8217;Oques Grasses<\/a><\/li>\n\n\n\n<li><a href=\"https:\/\/youtu.be\/KpweJJdgvKI\">&#8220;Let i out&#8221; de Stay Homas<\/a><\/li>\n\n\n\n<li><a href=\"https:\/\/youtu.be\/Eq0J2W7vkDQ\">&#8220;De ellos aprend\u00ed&#8221; de David Rees<\/a><\/li>\n\n\n\n<li><a href=\"https:\/\/youtu.be\/srPJ-s5uMbI\">&#8220;El mismo sol&#8221; d&#8217;\u00c1lvaro Soler i Jennifer L\u00f3pez<\/a><\/li>\n\n\n\n<li><a href=\"https:\/\/youtu.be\/pjKf__kPTsg\">&#8220;Wake up&#8221; d&#8217;Oques Grasses<\/a><\/li>\n\n\n\n<li><a href=\"https:\/\/youtu.be\/QLz9VaksClg\">&#8220;Agua&#8221; de J. Balvin<\/a><\/li>\n\n\n\n<li><a href=\"https:\/\/youtu.be\/utyaiklIQog\">&#8220;Libertad&#8221; d&#8217;en Nil Moliner<\/a><\/li>\n\n\n\n<li><a href=\"https:\/\/youtu.be\/i_27Zwk5hOk\">&#8220;Sigues tu&#8221; d&#8217;en Pau de Ponts<\/a><\/li>\n\n\n\n<li><a href=\"https:\/\/youtu.be\/q6LhCim5y_Y\">&#8220;Kings &amp; Queens&#8221;<\/a> de l&#8217;<a href=\"https:\/\/ca.wikipedia.org\/wiki\/Ava_Max\">Ava Max<\/a><\/li>\n\n\n\n<li><span data-sheets-value=\"{&quot;1&quot;:2,&quot;2&quot;:&quot;Un estiu que no s'acaba (Miki Nu\u00f1ez)&quot;}\" data-sheets-userformat=\"{&quot;2&quot;:17021,&quot;3&quot;:{&quot;1&quot;:0},&quot;5&quot;:{&quot;1&quot;:[{&quot;1&quot;:2,&quot;2&quot;:0,&quot;5&quot;:{&quot;1&quot;:2,&quot;2&quot;:0}},{&quot;1&quot;:0,&quot;2&quot;:0,&quot;3&quot;:3},{&quot;1&quot;:1,&quot;2&quot;:0,&quot;4&quot;:1}]},&quot;6&quot;:{&quot;1&quot;:[{&quot;1&quot;:2,&quot;2&quot;:0,&quot;5&quot;:{&quot;1&quot;:2,&quot;2&quot;:0}},{&quot;1&quot;:0,&quot;2&quot;:0,&quot;3&quot;:3},{&quot;1&quot;:1,&quot;2&quot;:0,&quot;4&quot;:1}]},&quot;7&quot;:{&quot;1&quot;:[{&quot;1&quot;:2,&quot;2&quot;:0,&quot;5&quot;:{&quot;1&quot;:2,&quot;2&quot;:0}},{&quot;1&quot;:0,&quot;2&quot;:0,&quot;3&quot;:3},{&quot;1&quot;:1,&quot;2&quot;:0,&quot;4&quot;:1}]},&quot;8&quot;:{&quot;1&quot;:[{&quot;1&quot;:2,&quot;2&quot;:0,&quot;5&quot;:{&quot;1&quot;:2,&quot;2&quot;:0}},{&quot;1&quot;:0,&quot;2&quot;:0,&quot;3&quot;:3},{&quot;1&quot;:1,&quot;2&quot;:0,&quot;4&quot;:1}]},&quot;9&quot;:1,&quot;12&quot;:0,&quot;17&quot;:1}\"> <a href=\"https:\/\/www.youtube.com\/watch?v=zfXPVI-gv1s\">&#8220;Un estiu que no s&#8217;acaba&#8221;<\/a> d&#8217;en <a href=\"https:\/\/mikinunez.com\/biografia\/\">Miki Nu\u00f1ez<\/a><\/span><\/li>\n\n\n\n<li><a href=\"https:\/\/www.youtube.com\/watch?v=WIm1GgfRz6M\"> &#8220;Superheroes&#8221;<\/a> del grup<a href=\"https:\/\/www.silenzine.com\/the-script\/\"> The Script<\/a><\/li>\n\n\n\n<li><a href=\"https:\/\/www.youtube.com\/watch?v=VkuRIZ7QyDM\">&#8220;Madre Tierra&#8221;<\/a> de<a href=\"https:\/\/es.wikipedia.org\/wiki\/Chayanne\"> Chayanne<\/a><\/li>\n\n\n\n<li><a href=\"https:\/\/www.youtube.com\/watch?v=9L7JeaCFJFY\">&#8220;Les Floretes&#8221;<\/a> del <a href=\"https:\/\/www.paisdexauxa.com\/\">Pa\u00eds de Xauxa<\/a><\/li>\n\n\n\n<li><a href=\"https:\/\/www.youtube.com\/watch?v=u2NNooE8nwo\">&#8220;El jard\u00ed&#8221; del Pot petit<\/a><\/li>\n\n\n\n<li><a href=\"https:\/\/www.youtube.com\/watch?v=oi5tLvJrdvg&amp;ab_channel=Pepetimarieta\">&#8220;Somriu&#8221;<\/a> de <a href=\"https:\/\/ca.wikipedia.org\/wiki\/Pepet_i_Marieta\">Pepet i marieta<\/a><\/li>\n\n\n\n<li><a href=\"https:\/\/www.youtube.com\/watch?v=j3EF39k353I\">&#8220;Un esquimal perdut en el desert&#8221; de &#8220;Reggae per Xics \/ The penguins&#8221;<\/a><\/li>\n\n\n\n<li><a href=\"https:\/\/www.youtube.com\/watch?v=v_hdqqx_NkU\">&#8220;In my mind&#8221; de Dynoro i Gigi D&#8217;Agostino<\/a><\/li>\n\n\n\n<li><a href=\"https:\/\/www.youtube.com\/watch?v=XwxLwG2_Sxk\">&#8220;Bliding Lights&#8221; de The weeknd<\/a><\/li>\n\n\n\n<li><a href=\"https:\/\/www.youtube.com\/watch?v=w5Z8R15xxVQ\">&#8220;The Bright side&#8221; dels Stay Homas ft. Oques grasses<\/a><\/li>\n\n\n\n<li><a href=\"https:\/\/www.youtube.com\/watch?v=fCZVL_8D048\">&#8220;Jerusalema&#8221; de Master KG ft. Nomcebo<\/a><\/li>\n\n\n\n<li><a href=\"https:\/\/www.youtube.com\/watch?v=5tk-ITcsxiY\">&#8220;Les nits no moren mai&#8221; dels Doctor Prats<\/a><\/li>\n\n\n\n<li><a href=\"https:\/\/www.youtube.com\/watch?v=S67Ic1XJ3mE\">&#8220;Tot \u00e9s part de ser un pirata&#8221; de El Pony Pisador<\/a><\/li>\n\n\n\n<li><a href=\"https:\/\/www.youtube.com\/watch?v=9iQwWp3ykRc&amp;ab_channel=DoctorPrats\">&#8220;Caminem lluny&#8221;<\/a> <a href=\"https:\/\/www.youtube.com\/watch?v=9iQwWp3ykRc&amp;ab_channel=DoctorPrats\">de Doctor Prats<\/a><\/li>\n\n\n\n<li><a href=\"https:\/\/www.youtube.com\/watch?v=EjcIlQ7rVD8\">&#8220;No em dona la gana&#8221; de Gertrudis feat. Doctor Prats<\/a><\/li>\n\n\n\n<li><a href=\"https:\/\/www.youtube.com\/watch?v=LYdG2w8jbws\">&#8220;Hakuna matata&#8221; del Rei Lle\u00f3<\/a><\/li>\n\n\n\n<li><a href=\"https:\/\/www.youtube.com\/watch?v=wHUjt0CFulw\">&#8220;Mulla&#8217;t&#8221; de Maced\u00f2nia<\/a><\/li>\n\n\n\n<li><a href=\"https:\/\/www.youtube.com\/watch?v=Qsc_P8EwjZE\">&#8220;Celebrem&#8221; de Miki Nu\u00f1ez<\/a><\/li>\n\n\n\n<li><a href=\"https:\/\/www.youtube.com\/watch?v=PoGFiOjfQvY&amp;amp%3Bab_channel=MikiNunezVEVO\">&#8220;Escriurem&#8221; de Miki Nu\u00f1ez<\/a><\/li>\n\n\n\n<li><a href=\"https:\/\/www.youtube.com\/watch?v=5xv3jCmuqtU&amp;ab_channel=DoctorPrats\">&#8220;Tu fas&#8221; de Doctor Prats<\/a><\/li>\n\n\n\n<li><a href=\"https:\/\/www.youtube.com\/watch?v=UBJLsXMzWmw&amp;feature=emb_title&amp;ab_channel=BuhosOficial\">&#8220;El dia de la Vict\u00f2ria&#8221; de Buhos juntament amb Miki N\u00fa\u00f1ez, Suu i Lildami. <\/a><\/li>\n\n\n\n<li><a href=\"https:\/\/www.youtube.com\/watch?v=rZOzAo7ZgPg\">&#8220;Un Nadal diferent&#8221; de Marina Pratcorona<\/a><\/li>\n\n\n\n<li><a href=\"https:\/\/www.youtube.com\/watch?v=wzt6zAQAto0\">&#8220;El Nadal no t\u00e9 impossibles&#8221; de Els optimistes de Catalunya r\u00e0dio.<\/a><\/li>\n\n\n\n<li><a href=\"https:\/\/www.youtube.com\/watch?v=YBD_9pbE-yc&amp;feature=emb_title\">&#8220;Flor de tardor&#8221; de Marcel L\u00e0zara i J\u00falia Arrey<\/a><\/li>\n\n\n\n<li><a href=\"https:\/\/youtu.be\/J8c7sWsIOfU\">&#8220;La rumba de les castanyes&#8221; del Pot Petit<\/a><\/li>\n\n\n\n<li><a href=\"https:\/\/www.youtube.com\/watch?v=yyualqnsVeU\">&#8220;S\u00faper bon noi&#8221; de Els Amics de les Arts<\/a><\/li>\n\n\n\n<li><a href=\"https:\/\/www.youtube.com\/watch?v=ihcsCTs2XBU\">&#8220;El vol de l&#8217;home ocell&#8221; de Sangtra\u00eft<\/a><\/li>\n\n\n\n<li><a href=\"https:\/\/www.youtube.com\/watch?v=OJpk2uGYEwQ\">&#8220;Celebrem&#8221;de Miki N\u00fa\u00f1ez<\/a><\/li>\n\n\n\n<li><a href=\"https:\/\/soundcloud.com\/noerivas\/tots-els-nens-del-mon\">&#8220;Tots els nens del m\u00f3n&#8221; de No\u00e9 Rivas.<\/a><\/li>\n\n\n\n<li><a href=\"https:\/\/www.youtube.com\/watch?v=c7V1qLLsn7M\">&#8220;Do it now. Sing for the climate&#8221;dedicada al canvi clim\u00e0tic.<\/a><\/li>\n\n\n\n<li><a href=\"https:\/\/www.youtube.com\/watch?v=XAi3VTSdTxU\">&#8220;Earth Song&#8221; de Michael Jackson.<\/a><\/li>\n\n\n\n<li><a href=\"https:\/\/www.youtube.com\/watch?v=j6TmogXhOZ8\">&#8220;Dream a Little Dream of me&#8221;&nbsp;atribuida a Fabian Andre y Wilbur Schwandt i escrita per Gus Kahn.<\/a><\/li>\n\n\n\n<li><a href=\"https:\/\/www.youtube.com\/watch?v=XqZsoesa55w\">&#8220;Baby Shark Dance&#8221;&nbsp;versionada per<span style=\"font-family: inherit; font-size: 1em; line-height: 1.6;\">&nbsp;<\/span>PINKFONG Sons for Children per youtube.<\/a><\/li>\n\n\n\n<li><a href=\"https:\/\/www.youtube.com\/watch?v=uz-AaxOtEMk\">&#8220;L&#8217;escola que volem&#8221; del grup Xiula.<\/a><\/li>\n\n\n\n<li><a href=\"https:\/\/www.youtube.com\/watch?v=bo_efYhYU2A\">&#8220;Shallow&#8221;&nbsp;&nbsp;cantada per Lady Gaga i Bradley Cooper&nbsp;i que pertany a la pel\u00b7l\u00edcula &#8220;Nace una estrella&#8221;.<\/a><\/li>\n\n\n\n<li><a href=\"https:\/\/www.youtube.com\/watch?v=DaIPxqM53-k\">&#8220;Invencibles&#8221; versi\u00f3 de &#8220;Somthing happened on the way to heaven&#8221; cantada per Blas Cant\u00f3<\/a><\/li>\n\n\n\n<li><a href=\"https:\/\/www.youtube.com\/watch?v=HCjNJDNzw8Y\">&#8220;Habana&#8221; de Camila Cabello.<\/a><\/li>\n\n\n\n<li><a href=\"https:\/\/www.youtube.com\/watch?v=pHkrvwXX4sg\">&#8220;Barcelona&#8221; cantada per Montserrat Caball\u00e9 i Freddie Mercury.<\/a><\/li>\n\n\n\n<li><a href=\"https:\/\/www.youtube.com\/watch?v=E4G934OolJY\">&#8220;Campanes de benvinguda&#8221; del grup de m\u00fasica&nbsp;Buhos<\/a><\/li>\n\n\n\n<li><a href=\"https:\/\/www.youtube.com\/watch?v=bFBcIgS1us4\">&#8220;La m\u00e0gia de les can\u00e7ons&#8221;&nbsp;de Pep Puigdemont.<\/a><\/li>\n\n\n\n<li><a href=\"https:\/\/www.youtube.com\/watch?v=CziHrYYSyPc\">&#8220;Toy&#8221;&nbsp;de Netta<\/a><\/li>\n\n\n\n<li><a href=\"https:\/\/www.youtube.com\/watch?v=qNTuhKcNPb8\">&#8220;Formaci\u00f3 de les estrelles, de les gal\u00e0xies i dels forats negres&#8221; de Part\u00edcules (projecte Cant\u00e0nia)<\/a><\/li>\n\n\n\n<li><a href=\"https:\/\/www.youtube.com\/watch?v=4P20ZJedNr8\">&#8220;El got mig ple&#8221; de Manu Guix<\/a>.<\/li>\n\n\n\n<li><a href=\"https:\/\/www.youtube.com\/watch?v=PtuyJ94wTl4\">&#8220;Vent que mou el temps&#8221;&nbsp;de&nbsp;Blaumut<\/a>.<\/li>\n\n\n\n<li><a href=\"https:\/\/www.youtube.com\/watch?v=TFA79rh9CVc\">&#8220;El Swing de la pau&#8221;&nbsp;d&#8217;Anna M. Llorente i Rosa M. Vidal.<\/a><\/li>\n\n\n\n<li><a href=\"https:\/\/www.youtube.com\/watch?v=7cv9NIzGmSI\">&#8220;Poupee De Cire, Poupee De Son&#8221;&nbsp;(1965) de&nbsp;France Gall.<\/a><\/li>\n\n\n\n<li><a href=\"https:\/\/www.youtube.com\/watch?v=-wu9q-bR3Mw\">&#8220;Estimo el Nadal&#8221;, d&#8217;Antoni Tolmos.<\/a><\/li>\n\n\n\n<li><a href=\"http:\/\/www.coneixelsteusdrets.cat\/musica.html\">&#8220;Som tots els nens del m\u00f3n&#8221;,<strong>&nbsp;<\/strong>d&#8217;en&nbsp;No\u00e8 Rivas.&nbsp;<\/a><\/li>\n\n\n\n<li><a href=\"https:\/\/www.youtube.com\/watch?v=HoPwb8CUXqM\">&#8220;La Castanyada d&#8217;en Rikus&#8221;, de l&#8217;Enric Canosa. <\/a><\/li>\n\n\n\n<li><a href=\"https:\/\/www.youtube.com\/watch?v=Q2odjWrRIXk\">&#8220;Oh, Bevinguts&#8221; versionada del grup Los Manolos.<\/a><\/li>\n\n\n\n<li><a href=\"https:\/\/www.youtube.com\/watch?v=H55FfH_PxSk\">&#8220;AEIOU&#8221; de Joan Colomo.<\/a><\/li>\n\n\n\n<li><a href=\"https:\/\/www.youtube.com\/watch?v=SnAML6FWQBg\">&#8220;Meravell\u00f3s regal&#8221;de l&#8217;\u00e0lbum El cor de la Terra de Txarango.<\/a><\/li>\n\n\n\n<li><a href=\"https:\/\/www.youtube.com\/watch?v=CzGVYyu9gsE\">&#8220;Dream a Little Dream of me&#8221;, d&#8217;Ella Fitzgerald acompanyada per Louis Armstrong.<\/a><\/li>\n\n\n\n<li><a href=\"https:\/\/www.youtube.com\/watch?v=cZAw8qxn0ZE\">&#8220;City of stars&#8221; de la pel\u00b7l\u00edcula La La Land.<\/a><\/li>\n\n\n\n<li><a href=\"https:\/\/www.youtube.com\/watch?v=yZEHQn6B9R4\">&#8220;La vuelta al mundo en 80 d\u00edas&#8221;de la s\u00e8rie de TV produ\u00efda als anys 80.<\/a><\/li>\n\n\n\n<li><a href=\"https:\/\/www.youtube.com\/watch?v=gS0ZG4y39qI\">&#8220;Anem a veure M\u00f3n&#8221; del Club Super3.<\/a><\/li>\n\n\n\n<li><a href=\"https:\/\/www.youtube.com\/watch?v=amqAh2jfXFA\">\u201cLa sardana del Vailet&#8221; de Pep Ventura.<\/a><\/li>\n\n\n\n<li><a href=\"https:\/\/www.youtube.com\/watch?v=VV5oVYVGfNc\">&#8220;On \u00e9crit sur les murs\u201d de Kids United.<\/a><\/li>\n\n\n\n<li><a href=\"https:\/\/www.youtube.com\/watch?v=xkAeWG7pkzE\">\u201cLife is Beautiful that way\u201d, de Nicola Piovani.<\/a><\/li>\n\n\n\n<li><a href=\"https:\/\/www.youtube.com\/watch?v=Zkwb1WBxzg8\">\u201cSomiem tots junts\u201d, del Camp d\u2019Aprenentatge Pau Casals.<\/a><\/li>\n\n\n\n<li><a href=\"https:\/\/www.youtube.com\/watch?v=3l4nVByCL44\">\u201cBlowin in the wind\u201d , de Bob Dylan.<\/a><\/li>\n\n\n\n<li><a href=\"https:\/\/www.youtube.com\/watch?v=ad1CMueEYDE\">\u201cLa tardor que jo conec\u201d, de Damaris Gelabert.<\/a><\/li>\n\n\n\n<li><a href=\"https:\/\/www.youtube.com\/watch?v=YQHsXMglC9A\">\u201cHello\u201d, d\u2019Adele.<\/a><\/li>\n<\/ul>\n","protected":false},"excerpt":{"rendered":"<p>La can\u00e7\u00f3 que ens acompanya aquesta setmana a les entrades i sortides de l&#8217;escola \u00e9s &#8220;Energia&#8221; del grup Doctor Prats. L&#8217;han escollida els nens i nenes de 1r C , perqu\u00e8 \u00e9s una can\u00e7\u00f3 alegre i col\u00b7lectiva que fomenta valors com la uni\u00f3 i la motivaci\u00f3, ajudant a comen\u00e7ar i acabar el dia (i el curs) amb bon ambient.<\/p>\n","protected":false},"author":63,"featured_media":1048,"comment_status":"open","ping_status":"closed","sticky":false,"template":"","format":"standard","meta":{"_bbp_topic_count":0,"_bbp_reply_count":0,"_bbp_total_topic_count":0,"_bbp_total_reply_count":0,"_bbp_voice_count":0,"_bbp_anonymous_reply_count":0,"_bbp_topic_count_hidden":0,"_bbp_reply_count_hidden":0,"_bbp_forum_subforum_count":0,"site-sidebar-layout":"default","site-content-layout":"","ast-site-content-layout":"default","site-content-style":"default","site-sidebar-style":"default","ast-global-header-display":"","ast-banner-title-visibility":"","ast-main-header-display":"","ast-hfb-above-header-display":"","ast-hfb-below-header-display":"","ast-hfb-mobile-header-display":"","site-post-title":"","ast-breadcrumbs-content":"","ast-featured-img":"","footer-sml-layout":"","theme-transparent-header-meta":"","adv-header-id-meta":"","stick-header-meta":"","header-above-stick-meta":"","header-main-stick-meta":"","header-below-stick-meta":"","astra-migrate-meta-layouts":"set","ast-page-background-enabled":"default","ast-page-background-meta":{"desktop":{"background-color":"var(--ast-global-color-4)","background-image":"","background-repeat":"repeat","background-position":"center center","background-size":"auto","background-attachment":"scroll","background-type":"","background-media":"","overlay-type":"","overlay-color":"","overlay-opacity":"","overlay-gradient":""},"tablet":{"background-color":"","background-image":"","background-repeat":"repeat","background-position":"center center","background-size":"auto","background-attachment":"scroll","background-type":"","background-media":"","overlay-type":"","overlay-color":"","overlay-opacity":"","overlay-gradient":""},"mobile":{"background-color":"","background-image":"","background-repeat":"repeat","background-position":"center center","background-size":"auto","background-attachment":"scroll","background-type":"","background-media":"","overlay-type":"","overlay-color":"","overlay-opacity":"","overlay-gradient":""}},"ast-content-background-meta":{"desktop":{"background-color":"var(--ast-global-color-5)","background-image":"","background-repeat":"repeat","background-position":"center center","background-size":"auto","background-attachment":"scroll","background-type":"","background-media":"","overlay-type":"","overlay-color":"","overlay-opacity":"","overlay-gradient":""},"tablet":{"background-color":"var(--ast-global-color-5)","background-image":"","background-repeat":"repeat","background-position":"center center","background-size":"auto","background-attachment":"scroll","background-type":"","background-media":"","overlay-type":"","overlay-color":"","overlay-opacity":"","overlay-gradient":""},"mobile":{"background-color":"var(--ast-global-color-5)","background-image":"","background-repeat":"repeat","background-position":"center center","background-size":"auto","background-attachment":"scroll","background-type":"","background-media":"","overlay-type":"","overlay-color":"","overlay-opacity":"","overlay-gradient":""}},"footnotes":""},"categories":[4],"tags":[36],"class_list":["post-4086","post","type-post","status-publish","format-standard","has-post-thumbnail","hentry","category-portada","tag-musica"],"post_mailing_queue_ids":[],"_links":{"self":[{"href":"https:\/\/agora.xtec.cat\/ceippallach-figueres\/wp-json\/wp\/v2\/posts\/4086","targetHints":{"allow":["GET"]}}],"collection":[{"href":"https:\/\/agora.xtec.cat\/ceippallach-figueres\/wp-json\/wp\/v2\/posts"}],"about":[{"href":"https:\/\/agora.xtec.cat\/ceippallach-figueres\/wp-json\/wp\/v2\/types\/post"}],"author":[{"embeddable":true,"href":"https:\/\/agora.xtec.cat\/ceippallach-figueres\/wp-json\/wp\/v2\/users\/63"}],"replies":[{"embeddable":true,"href":"https:\/\/agora.xtec.cat\/ceippallach-figueres\/wp-json\/wp\/v2\/comments?post=4086"}],"version-history":[{"count":6,"href":"https:\/\/agora.xtec.cat\/ceippallach-figueres\/wp-json\/wp\/v2\/posts\/4086\/revisions"}],"predecessor-version":[{"id":6394,"href":"https:\/\/agora.xtec.cat\/ceippallach-figueres\/wp-json\/wp\/v2\/posts\/4086\/revisions\/6394"}],"wp:featuredmedia":[{"embeddable":true,"href":"https:\/\/agora.xtec.cat\/ceippallach-figueres\/wp-json\/wp\/v2\/media\/1048"}],"wp:attachment":[{"href":"https:\/\/agora.xtec.cat\/ceippallach-figueres\/wp-json\/wp\/v2\/media?parent=4086"}],"wp:term":[{"taxonomy":"category","embeddable":true,"href":"https:\/\/agora.xtec.cat\/ceippallach-figueres\/wp-json\/wp\/v2\/categories?post=4086"},{"taxonomy":"post_tag","embeddable":true,"href":"https:\/\/agora.xtec.cat\/ceippallach-figueres\/wp-json\/wp\/v2\/tags?post=4086"}],"curies":[{"name":"wp","href":"https:\/\/api.w.org\/{rel}","templated":true}]}}