{"id":3998,"date":"2020-10-12T18:35:57","date_gmt":"2020-10-12T16:35:57","guid":{"rendered":"http:\/\/agora.xtec.cat\/ceippallach-figueres\/?p=3998"},"modified":"2021-10-20T09:43:32","modified_gmt":"2021-10-20T07:43:32","slug":"a-cicle-mitja-comencem-el-planter-de-dansa","status":"publish","type":"post","link":"https:\/\/agora.xtec.cat\/ceippallach-figueres\/6e-2023-2024\/a-cicle-mitja-comencem-el-planter-de-dansa\/","title":{"rendered":"A Cicle Mitj\u00e0 comencem el planter de dansa"},"content":{"rendered":"<p>Aquest curs els alumnes de tercer han comen\u00e7at a formar part del projecte Planters de Dansa de ConArte. Ara tot el cicle mitj\u00e0 ja forma part d&#8217;aquest projecte.<\/p>\n<p>Al llarg del curs els alumnes de tercer i quart dedicaran les sessions del dijous d\u2019educaci\u00f3 f\u00edsica a desenvolupar aquest projecte. Per dur-lo a terme tenim la col\u00b7laboraci\u00f3 d\u2019unes artistes, l&#8217;Azu, aquest primer trimestre i la Georgina, la resta de curs. Elles seran les encarregades de guiar-nos cap aquesta disciplina.<\/p>\n<p>Aquest 1 d\u2019octubre, despr\u00e9s d&#8217;un llarg per\u00edode, els alumnes de 4t han tornat a conectar amb la dansa i els de 3r s&#8217;han estrenat en aquesta disciplina.<\/p>\n<p><a href=\"https:\/\/photos.app.goo.gl\/M9j1PPharkqxqAfW8\"><img loading=\"lazy\" decoding=\"async\" class=\"wp-image-3999 aligncenter\" src=\"https:\/\/agora.xtec.cat\/ceippallach-figueres\/wp-content\/uploads\/usu654\/2020\/10\/IMG_3344.jpg\" alt=\"\" width=\"333\" height=\"250\" srcset=\"https:\/\/agora.xtec.cat\/ceippallach-figueres\/wp-content\/uploads\/usu654\/2020\/10\/IMG_3344.jpg 876w, https:\/\/agora.xtec.cat\/ceippallach-figueres\/wp-content\/uploads\/usu654\/2020\/10\/IMG_3344-300x225.jpg 300w, https:\/\/agora.xtec.cat\/ceippallach-figueres\/wp-content\/uploads\/usu654\/2020\/10\/IMG_3344-768x576.jpg 768w, https:\/\/agora.xtec.cat\/ceippallach-figueres\/wp-content\/uploads\/usu654\/2020\/10\/IMG_3344-200x150.jpg 200w\" sizes=\"auto, (max-width: 333px) 100vw, 333px\" \/><\/a><\/p>\n","protected":false},"excerpt":{"rendered":"<p>A Cicle Mitj\u00e0 comencem el projecte:  planter de dansa de conArte<\/p>\n","protected":false},"author":8,"featured_media":3999,"comment_status":"open","ping_status":"closed","sticky":false,"template":"","format":"standard","meta":{"_bbp_topic_count":0,"_bbp_reply_count":0,"_bbp_total_topic_count":0,"_bbp_total_reply_count":0,"_bbp_voice_count":0,"_bbp_anonymous_reply_count":0,"_bbp_topic_count_hidden":0,"_bbp_reply_count_hidden":0,"_bbp_forum_subforum_count":0,"site-sidebar-layout":"default","site-content-layout":"","ast-site-content-layout":"","site-content-style":"default","site-sidebar-style":"default","ast-global-header-display":"","ast-banner-title-visibility":"","ast-main-header-display":"","ast-hfb-above-header-display":"","ast-hfb-below-header-display":"","ast-hfb-mobile-header-display":"","site-post-title":"","ast-breadcrumbs-content":"","ast-featured-img":"","footer-sml-layout":"","theme-transparent-header-meta":"","adv-header-id-meta":"","stick-header-meta":"","header-above-stick-meta":"","header-main-stick-meta":"","header-below-stick-meta":"","astra-migrate-meta-layouts":"default","ast-page-background-enabled":"default","ast-page-background-meta":{"desktop":{"background-color":"var(--ast-global-color-4)","background-image":"","background-repeat":"repeat","background-position":"center center","background-size":"auto","background-attachment":"scroll","background-type":"","background-media":"","overlay-type":"","overlay-color":"","overlay-opacity":"","overlay-gradient":""},"tablet":{"background-color":"","background-image":"","background-repeat":"repeat","background-position":"center center","background-size":"auto","background-attachment":"scroll","background-type":"","background-media":"","overlay-type":"","overlay-color":"","overlay-opacity":"","overlay-gradient":""},"mobile":{"background-color":"","background-image":"","background-repeat":"repeat","background-position":"center center","background-size":"auto","background-attachment":"scroll","background-type":"","background-media":"","overlay-type":"","overlay-color":"","overlay-opacity":"","overlay-gradient":""}},"ast-content-background-meta":{"desktop":{"background-color":"var(--ast-global-color-5)","background-image":"","background-repeat":"repeat","background-position":"center center","background-size":"auto","background-attachment":"scroll","background-type":"","background-media":"","overlay-type":"","overlay-color":"","overlay-opacity":"","overlay-gradient":""},"tablet":{"background-color":"var(--ast-global-color-5)","background-image":"","background-repeat":"repeat","background-position":"center center","background-size":"auto","background-attachment":"scroll","background-type":"","background-media":"","overlay-type":"","overlay-color":"","overlay-opacity":"","overlay-gradient":""},"mobile":{"background-color":"var(--ast-global-color-5)","background-image":"","background-repeat":"repeat","background-position":"center center","background-size":"auto","background-attachment":"scroll","background-type":"","background-media":"","overlay-type":"","overlay-color":"","overlay-opacity":"","overlay-gradient":""}},"footnotes":""},"categories":[10,9,527],"tags":[462,501],"class_list":["post-3998","post","type-post","status-publish","format-standard","has-post-thumbnail","hentry","category-6e-2022-2023","category-6e-2023-2024","category-planter_de_dansa","tag-conarte","tag-planter-de-dansa"],"post_mailing_queue_ids":[],"_links":{"self":[{"href":"https:\/\/agora.xtec.cat\/ceippallach-figueres\/wp-json\/wp\/v2\/posts\/3998","targetHints":{"allow":["GET"]}}],"collection":[{"href":"https:\/\/agora.xtec.cat\/ceippallach-figueres\/wp-json\/wp\/v2\/posts"}],"about":[{"href":"https:\/\/agora.xtec.cat\/ceippallach-figueres\/wp-json\/wp\/v2\/types\/post"}],"author":[{"embeddable":true,"href":"https:\/\/agora.xtec.cat\/ceippallach-figueres\/wp-json\/wp\/v2\/users\/8"}],"replies":[{"embeddable":true,"href":"https:\/\/agora.xtec.cat\/ceippallach-figueres\/wp-json\/wp\/v2\/comments?post=3998"}],"version-history":[{"count":3,"href":"https:\/\/agora.xtec.cat\/ceippallach-figueres\/wp-json\/wp\/v2\/posts\/3998\/revisions"}],"predecessor-version":[{"id":4003,"href":"https:\/\/agora.xtec.cat\/ceippallach-figueres\/wp-json\/wp\/v2\/posts\/3998\/revisions\/4003"}],"wp:featuredmedia":[{"embeddable":true,"href":"https:\/\/agora.xtec.cat\/ceippallach-figueres\/wp-json\/wp\/v2\/media\/3999"}],"wp:attachment":[{"href":"https:\/\/agora.xtec.cat\/ceippallach-figueres\/wp-json\/wp\/v2\/media?parent=3998"}],"wp:term":[{"taxonomy":"category","embeddable":true,"href":"https:\/\/agora.xtec.cat\/ceippallach-figueres\/wp-json\/wp\/v2\/categories?post=3998"},{"taxonomy":"post_tag","embeddable":true,"href":"https:\/\/agora.xtec.cat\/ceippallach-figueres\/wp-json\/wp\/v2\/tags?post=3998"}],"curies":[{"name":"wp","href":"https:\/\/api.w.org\/{rel}","templated":true}]}}