{"id":3920,"date":"2020-09-13T18:55:29","date_gmt":"2020-09-13T16:55:29","guid":{"rendered":"http:\/\/agora.xtec.cat\/ceippallach-figueres\/?p=3920"},"modified":"2021-01-26T10:07:41","modified_gmt":"2021-01-26T09:07:41","slug":"pla-dorganitzacio-basic-dobertura-del-centre","status":"publish","type":"post","link":"https:\/\/agora.xtec.cat\/ceippallach-figueres\/primaria\/6e\/pla-dorganitzacio-basic-dobertura-del-centre\/","title":{"rendered":"Pla d&#8217;Organitzaci\u00f3 B\u00e0sic d&#8217;obertura del centre"},"content":{"rendered":"<p><a href=\"https:\/\/agora.xtec.cat\/ceippallach-figueres\/docs\/pla-dorganitzacio-basic-dobertura-del-centre\/?bp-attachment=PLA-DORGANITZACI%C3%93-B%C3%80SIC.pdf\">Aqu\u00ed us podeu descarregar<\/a> el document &#8220;Pla d&#8217;Organitzaci\u00f3 B\u00e0sic d&#8217;obertura del centre&#8221; que va ser aprovat pel Consell Escolar el dimecres 9 de setembre. (35 p\u00e0gines)<\/p>\n<p><a href=\"http:\/\/agora.xtec.cat\/ceippallach-figueres\/docs\/?bp-attachment=PLA-DOBERTURA-FAM%C3%8DLIES.pdf\">Aqu\u00ed us podeu descarregar<\/a> un resum per les fam\u00edlies del Pla d&#8217;obertura. (8 p\u00e0gines)<\/p>\n<p>Aqu\u00ed podeu veure com s\u00f3n les entrades d&#8217;alumnat al centre:<\/p>\n<p><a href=\"https:\/\/agora.xtec.cat\/ceippallach-figueres\/wp-content\/uploads\/usu654\/2020\/09\/ENTRADES-petit.png\"><img loading=\"lazy\" decoding=\"async\" class=\"alignnone wp-image-3925\" src=\"https:\/\/agora.xtec.cat\/ceippallach-figueres\/wp-content\/uploads\/usu654\/2020\/09\/ENTRADES-petit-686x1024.png\" alt=\"\" width=\"379\" height=\"566\" srcset=\"https:\/\/agora.xtec.cat\/ceippallach-figueres\/wp-content\/uploads\/usu654\/2020\/09\/ENTRADES-petit-686x1024.png 686w, https:\/\/agora.xtec.cat\/ceippallach-figueres\/wp-content\/uploads\/usu654\/2020\/09\/ENTRADES-petit-201x300.png 201w, https:\/\/agora.xtec.cat\/ceippallach-figueres\/wp-content\/uploads\/usu654\/2020\/09\/ENTRADES-petit.png 700w\" sizes=\"auto, (max-width: 379px) 100vw, 379px\" \/><\/a><\/p>\n<p><a href=\"https:\/\/agora.xtec.cat\/ceippallach-figueres\/docs\/llistat-de-comprovacio-de-simptomes-covid\/?bp-attachment=LLISTA-DE-COMPROVACI%C3%93-DE-S%C3%8DMPTOMES.pdf\">Aqu\u00ed<\/a> podeu consultar els s\u00edmptomes que les fam\u00edlies han de tenir en compte per decidir si un alumne pot assistir a l\u2019escola.<\/p>\n","protected":false},"excerpt":{"rendered":"<p>Aqu\u00ed us podeu descarregar el document &#8220;Pla d&#8217;Organitzaci\u00f3 B\u00e0sic d&#8217;obertura del centre&#8221; que va ser aprovat pel Consell Escolar el dimecres 9 de setembre<\/p>\n","protected":false},"author":1,"featured_media":3932,"comment_status":"open","ping_status":"closed","sticky":false,"template":"","format":"standard","meta":{"_bbp_topic_count":0,"_bbp_reply_count":0,"_bbp_total_topic_count":0,"_bbp_total_reply_count":0,"_bbp_voice_count":0,"_bbp_anonymous_reply_count":0,"_bbp_topic_count_hidden":0,"_bbp_reply_count_hidden":0,"_bbp_forum_subforum_count":0,"site-sidebar-layout":"default","site-content-layout":"","ast-site-content-layout":"","site-content-style":"default","site-sidebar-style":"default","ast-global-header-display":"","ast-banner-title-visibility":"","ast-main-header-display":"","ast-hfb-above-header-display":"","ast-hfb-below-header-display":"","ast-hfb-mobile-header-display":"","site-post-title":"","ast-breadcrumbs-content":"","ast-featured-img":"","footer-sml-layout":"","theme-transparent-header-meta":"","adv-header-id-meta":"","stick-header-meta":"","header-above-stick-meta":"","header-main-stick-meta":"","header-below-stick-meta":"","astra-migrate-meta-layouts":"default","ast-page-background-enabled":"default","ast-page-background-meta":{"desktop":{"background-color":"var(--ast-global-color-4)","background-image":"","background-repeat":"repeat","background-position":"center center","background-size":"auto","background-attachment":"scroll","background-type":"","background-media":"","overlay-type":"","overlay-color":"","overlay-opacity":"","overlay-gradient":""},"tablet":{"background-color":"","background-image":"","background-repeat":"repeat","background-position":"center center","background-size":"auto","background-attachment":"scroll","background-type":"","background-media":"","overlay-type":"","overlay-color":"","overlay-opacity":"","overlay-gradient":""},"mobile":{"background-color":"","background-image":"","background-repeat":"repeat","background-position":"center center","background-size":"auto","background-attachment":"scroll","background-type":"","background-media":"","overlay-type":"","overlay-color":"","overlay-opacity":"","overlay-gradient":""}},"ast-content-background-meta":{"desktop":{"background-color":"var(--ast-global-color-5)","background-image":"","background-repeat":"repeat","background-position":"center center","background-size":"auto","background-attachment":"scroll","background-type":"","background-media":"","overlay-type":"","overlay-color":"","overlay-opacity":"","overlay-gradient":""},"tablet":{"background-color":"var(--ast-global-color-5)","background-image":"","background-repeat":"repeat","background-position":"center center","background-size":"auto","background-attachment":"scroll","background-type":"","background-media":"","overlay-type":"","overlay-color":"","overlay-opacity":"","overlay-gradient":""},"mobile":{"background-color":"var(--ast-global-color-5)","background-image":"","background-repeat":"repeat","background-position":"center center","background-size":"auto","background-attachment":"scroll","background-type":"","background-media":"","overlay-type":"","overlay-color":"","overlay-opacity":"","overlay-gradient":""}},"footnotes":""},"categories":[497,445,381,3,12,11,10,9,8],"tags":[493,489],"class_list":["post-3920","post","type-post","status-publish","format-standard","has-post-thumbnail","hentry","category-3r","category-4t","category-5e","category-6e","category-6e-2020-2021","category-6e-2021-2022","category-6e-2022-2023","category-6e-2023-2024","category-6e-2024-2025","tag-covid","tag-obertura"],"post_mailing_queue_ids":[],"_links":{"self":[{"href":"https:\/\/agora.xtec.cat\/ceippallach-figueres\/wp-json\/wp\/v2\/posts\/3920","targetHints":{"allow":["GET"]}}],"collection":[{"href":"https:\/\/agora.xtec.cat\/ceippallach-figueres\/wp-json\/wp\/v2\/posts"}],"about":[{"href":"https:\/\/agora.xtec.cat\/ceippallach-figueres\/wp-json\/wp\/v2\/types\/post"}],"author":[{"embeddable":true,"href":"https:\/\/agora.xtec.cat\/ceippallach-figueres\/wp-json\/wp\/v2\/users\/1"}],"replies":[{"embeddable":true,"href":"https:\/\/agora.xtec.cat\/ceippallach-figueres\/wp-json\/wp\/v2\/comments?post=3920"}],"version-history":[{"count":3,"href":"https:\/\/agora.xtec.cat\/ceippallach-figueres\/wp-json\/wp\/v2\/posts\/3920\/revisions"}],"predecessor-version":[{"id":3946,"href":"https:\/\/agora.xtec.cat\/ceippallach-figueres\/wp-json\/wp\/v2\/posts\/3920\/revisions\/3946"}],"wp:featuredmedia":[{"embeddable":true,"href":"https:\/\/agora.xtec.cat\/ceippallach-figueres\/wp-json\/wp\/v2\/media\/3932"}],"wp:attachment":[{"href":"https:\/\/agora.xtec.cat\/ceippallach-figueres\/wp-json\/wp\/v2\/media?parent=3920"}],"wp:term":[{"taxonomy":"category","embeddable":true,"href":"https:\/\/agora.xtec.cat\/ceippallach-figueres\/wp-json\/wp\/v2\/categories?post=3920"},{"taxonomy":"post_tag","embeddable":true,"href":"https:\/\/agora.xtec.cat\/ceippallach-figueres\/wp-json\/wp\/v2\/tags?post=3920"}],"curies":[{"name":"wp","href":"https:\/\/api.w.org\/{rel}","templated":true}]}}